{"id":5959,"date":"2016-07-12T20:48:21","date_gmt":"2016-07-12T23:48:21","guid":{"rendered":"https:\/\/eldiariodesanpedro.com.ar\/sitio\/?p=5959"},"modified":"2016-07-12T20:49:27","modified_gmt":"2016-07-12T23:49:27","slug":"nuevo-llamado-a-licitacion-para-la-escuela-banfield","status":"publish","type":"post","link":"https:\/\/eldiariodesanpedro.com.ar\/sitio\/nuevo-llamado-a-licitacion-para-la-escuela-banfield\/","title":{"rendered":"Nuevo llamado a licitaci\u00f3n para la Escuela Banfield"},"content":{"rendered":"<p><!-- VideographyWP Plugin Message: Automatic video embedding prevented by plugin options. --><br \/>\nEl pasado 5 de julio se public\u00f3 en el Bolet\u00edn Oficial de la Rep\u00fablica Argentina el llamado a licitaci\u00f3n para la construcci\u00f3n de la Escuela del barrio Banfield.<br \/>\nTal cual hab\u00eda sido adelantado por el director de Educaci\u00f3n Alejandro Finocchiaro en las gestiones encabezadas por el intendente Salazar y consejeros escolares el pasado 23 de junio en La Plata, fuentes municipales oficializaron ayer la noticia.<br \/>\nCabe recordar que la construcci\u00f3n de ese centro educativo se par\u00f3 durante el a\u00f1o pasado luego de que la empresa que estaba llevando adelante las obras presentara quiebra. Desde entonces el lugar qued\u00f3 abandonado y, con el correr de los meses, delincuentes fueron robando todo tipo de elementos que se hallaban en el lugar, hasta las chapas que cubr\u00edan el terreno lindante.<\/p>\n","protected":false},"excerpt":{"rendered":"<p>El pasado 5 de julio se public\u00f3 en el Bolet\u00edn Oficial de la Rep\u00fablica Argentina el llamado a licitaci\u00f3n para la construcci\u00f3n de la Escuela del barrio Banfield. Tal cual hab\u00eda sido adelantado por el director de Educaci\u00f3n Alejandro Finocchiaro en las gestiones encabezadas por el intendente Salazar y consejeros escolares el pasado 23 de [&hellip;]<\/p>\n","protected":false},"author":4,"featured_media":5960,"comment_status":"open","ping_status":"closed","sticky":false,"template":"","format":"standard","meta":{"om_disable_all_campaigns":false,"_jetpack_memberships_contains_paid_content":false,"footnotes":""},"categories":[50,2,102],"tags":[],"class_list":["post-5959","post","type-post","status-publish","format-standard","has-post-thumbnail","hentry","category-destacadas","category-locales","category-politica-locales"],"aioseo_notices":[],"gutentor_comment":0,"jetpack_featured_media_url":"https:\/\/eldiariodesanpedro.com.ar\/sitio\/wp-content\/uploads\/2016\/07\/banfield.jpg","jetpack_shortlink":"https:\/\/wp.me\/p6RhLt-1y7","jetpack_sharing_enabled":true,"_links":{"self":[{"href":"https:\/\/eldiariodesanpedro.com.ar\/sitio\/wp-json\/wp\/v2\/posts\/5959","targetHints":{"allow":["GET"]}}],"collection":[{"href":"https:\/\/eldiariodesanpedro.com.ar\/sitio\/wp-json\/wp\/v2\/posts"}],"about":[{"href":"https:\/\/eldiariodesanpedro.com.ar\/sitio\/wp-json\/wp\/v2\/types\/post"}],"author":[{"embeddable":true,"href":"https:\/\/eldiariodesanpedro.com.ar\/sitio\/wp-json\/wp\/v2\/users\/4"}],"replies":[{"embeddable":true,"href":"https:\/\/eldiariodesanpedro.com.ar\/sitio\/wp-json\/wp\/v2\/comments?post=5959"}],"version-history":[{"count":1,"href":"https:\/\/eldiariodesanpedro.com.ar\/sitio\/wp-json\/wp\/v2\/posts\/5959\/revisions"}],"predecessor-version":[{"id":5961,"href":"https:\/\/eldiariodesanpedro.com.ar\/sitio\/wp-json\/wp\/v2\/posts\/5959\/revisions\/5961"}],"wp:featuredmedia":[{"embeddable":true,"href":"https:\/\/eldiariodesanpedro.com.ar\/sitio\/wp-json\/wp\/v2\/media\/5960"}],"wp:attachment":[{"href":"https:\/\/eldiariodesanpedro.com.ar\/sitio\/wp-json\/wp\/v2\/media?parent=5959"}],"wp:term":[{"taxonomy":"category","embeddable":true,"href":"https:\/\/eldiariodesanpedro.com.ar\/sitio\/wp-json\/wp\/v2\/categories?post=5959"},{"taxonomy":"post_tag","embeddable":true,"href":"https:\/\/eldiariodesanpedro.com.ar\/sitio\/wp-json\/wp\/v2\/tags?post=5959"}],"curies":[{"name":"wp","href":"https:\/\/api.w.org\/{rel}","templated":true}]}}