{"id":59585,"date":"2019-09-07T11:13:49","date_gmt":"2019-09-07T14:13:49","guid":{"rendered":"https:\/\/eldiariodesanpedro.com.ar\/sitio\/?p=59585"},"modified":"2019-09-07T11:13:51","modified_gmt":"2019-09-07T14:13:51","slug":"la-camara-de-viveristas-presente-en-en-plenario-federal-y-retiro-dirigencial-de-mujeres-came-feba","status":"publish","type":"post","link":"https:\/\/eldiariodesanpedro.com.ar\/sitio\/la-camara-de-viveristas-presente-en-en-plenario-federal-y-retiro-dirigencial-de-mujeres-came-feba\/","title":{"rendered":"La c\u00e1mara de viveristas presente en en Plenario Federal y Retiro Dirigencial de mujeres CAME-FEBA"},"content":{"rendered":"<!-- VideographyWP Plugin Message: Automatic video embedding prevented by plugin options. -->\n\n<p>Mujeres Empresarias de la Confederaci\u00f3n Argentina de la Mediana Empresa (MECAME) conjuntamente con Mujeres Empresarias de la Federaci\u00f3n Econ\u00f3mica de la Provincia de Buenos Aires (MEFEBA), llevaron a cabo su Plenario Federal, en el Anexo del Senado de la Naci\u00f3n de la Provincia de Buenos Aires, con referentes de todo el pa\u00eds y de distintas localidades de la provincia de Buenos Aires. Liliana Adrover estuvo presente en calidad de delegada por la C\u00e1mara de Viveristas de San Pedro.<\/p>\n\n\n\n<figure class=\"wp-block-image\"><img decoding=\"async\" width=\"768\" height=\"1024\" data-attachment-id=\"59586\" data-permalink=\"https:\/\/eldiariodesanpedro.com.ar\/sitio\/la-camara-de-viveristas-presente-en-en-plenario-federal-y-retiro-dirigencial-de-mujeres-came-feba\/whatsapp-image-2019-09-07-at-11-03-13-am\/\" data-orig-file=\"https:\/\/eldiariodesanpedro.com.ar\/sitio\/wp-content\/uploads\/2019\/09\/WhatsApp-Image-2019-09-07-at-11.03.13-AM.jpeg\" data-orig-size=\"768,1024\" data-comments-opened=\"1\" data-image-meta=\"{&quot;aperture&quot;:&quot;0&quot;,&quot;credit&quot;:&quot;&quot;,&quot;camera&quot;:&quot;&quot;,&quot;caption&quot;:&quot;&quot;,&quot;created_timestamp&quot;:&quot;0&quot;,&quot;copyright&quot;:&quot;&quot;,&quot;focal_length&quot;:&quot;0&quot;,&quot;iso&quot;:&quot;0&quot;,&quot;shutter_speed&quot;:&quot;0&quot;,&quot;title&quot;:&quot;&quot;,&quot;orientation&quot;:&quot;0&quot;}\" data-image-title=\"WhatsApp-Image-2019-09-07-at-11.03.13-AM\" data-image-description=\"\" data-image-caption=\"\" data-large-file=\"https:\/\/eldiariodesanpedro.com.ar\/sitio\/wp-content\/uploads\/2019\/09\/WhatsApp-Image-2019-09-07-at-11.03.13-AM-768x1024.jpeg\" data-src=\"https:\/\/i1.wp.com\/eldiariodesanpedro.com.ar\/sitio\/wp-content\/uploads\/2019\/09\/WhatsApp-Image-2019-09-07-at-11.03.13-AM.jpeg?fit=660%2C880\" alt=\"\" class=\"wp-image-59586 lazyload\" data-srcset=\"https:\/\/eldiariodesanpedro.com.ar\/sitio\/wp-content\/uploads\/2019\/09\/WhatsApp-Image-2019-09-07-at-11.03.13-AM.jpeg 768w, https:\/\/eldiariodesanpedro.com.ar\/sitio\/wp-content\/uploads\/2019\/09\/WhatsApp-Image-2019-09-07-at-11.03.13-AM-225x300.jpeg 225w\" data-sizes=\"(max-width: 768px) 100vw, 768px\" src=\"data:image\/svg+xml;base64,PHN2ZyB3aWR0aD0iMSIgaGVpZ2h0PSIxIiB4bWxucz0iaHR0cDovL3d3dy53My5vcmcvMjAwMC9zdmciPjwvc3ZnPg==\" style=\"--smush-placeholder-width: 768px; --smush-placeholder-aspect-ratio: 768\/1024;\" \/><\/figure>\n\n\n\n<p><br><br>El acto apertura estuvo a cargo de\u00a0<strong>Beatriz Tourn<\/strong>, presidente de MECAME;\u00a0<strong>Laura Teruel<\/strong>, presidenta de MEFEBA;\u00a0<strong>Alberto Kahale<\/strong>, presidente de FEBA y\u00a0<strong>Ricardo Diab<\/strong>, vicepresidente 2\u00b0 de CAME, quien asisti\u00f3 en representaci\u00f3n de la entidad. En ese marco, se hizo hincapi\u00e9 en la importancia de la participaci\u00f3n de la mujer en las instituciones y su rol protag\u00f3nico actual.<\/p>\n\n\n\n<p> Durante el primer panel,\u00a0<strong>Albeto Kahale<\/strong>\u00a0y\u00a0<strong>Claudia Fern\u00e1ndez<\/strong>, vicepresidenta regional por Tierra del Fuego, disertaron sobre la gremial empresaria y el rol de los dirigentes e instituciones en la articulaci\u00f3n p\u00fablico-privada. <\/p>\n\n\n\n<p>Luego,\u00a0<strong>Julia Wacher<\/strong>, Client Ejecutive de IBM, expuso en el segundo panel sobre mujeres, participaci\u00f3n y la paradoja de la prioridad. \u00abEl principal error que cometen las organizaciones respecto al logro de la prioridad es creer que ocurrir\u00e1 de forma natural\u00bb, coment\u00f3.<br><\/p>\n\n\n\n<p>Despu\u00e9s, la presidenta del Fondo de Garant\u00edas de Buenos Aires (FOGABA),\u00a0<strong>Magdalena Aguerre<\/strong>, junto a la senadora de la provincia de Buenos Aires,\u00a0<strong>Daniela Reich<\/strong>, conversaron sobre herramientas para Pymes. A continuaci\u00f3n, el secretario de Capacitaci\u00f3n de CAME,\u00a0<strong>Mart\u00edn Trubycz<\/strong>, destac\u00f3 las plataformas tecnol\u00f3gicas, la transformaci\u00f3n digital de las pymes y su impacto en el comercio. Tambi\u00e9n, present\u00f3 la herramienta Pilar y Es Negocio.<br><\/p>\n\n\n\n<p>Para finalizar, la coach comunicacional,\u00a0<strong>Mg. Corina Verminetti<\/strong>, brind\u00f3 una capacitaci\u00f3n sobre oratoria y presentaciones efectivas, facilitando herramientas para incrementar el control del lenguaje corporal y para mejorar las presentaciones orales y discursos.<\/p>\n\n\n\n<p> El encuentro cerr\u00f3 con la entrega de un obsequio para\u00a0<strong>Beatriz Tourn<\/strong>\u00a0y un reconocimiento de la Comisi\u00f3n Directiva de Mujeres CAME a\u00a0<strong>Laura Teruel<\/strong>, por su compromiso con la gremial empresaria femenina y su ardua e impecable gesti\u00f3n. <\/p>\n\n\n\n<p>Las actividades finalizaron al d\u00eda siguiente, con la visita el Museo del Ladrillo, de Cer\u00e1mica&nbsp;Ctibor, una f\u00e1brica de Ladrillos huecos con 110 a\u00f1os de trayectoria.<\/p>\n\n\n\n<p>Ciudad Aut\u00f3noma de Buenos Aires, 3 de septiembre de 2019<\/p>\n\n\n\n<p><br><br><\/p>\n","protected":false},"excerpt":{"rendered":"<p>Mujeres Empresarias de la Confederaci\u00f3n Argentina de la Mediana Empresa (MECAME) conjuntamente con Mujeres Empresarias de la Federaci\u00f3n Econ\u00f3mica de la Provincia de Buenos Aires (MEFEBA), llevaron a cabo su Plenario Federal, en el Anexo del Senado de la Naci\u00f3n de la Provincia de Buenos Aires, con referentes de todo el pa\u00eds y de distintas [&hellip;]<\/p>\n","protected":false},"author":4,"featured_media":59588,"comment_status":"open","ping_status":"closed","sticky":false,"template":"","format":"standard","meta":{"om_disable_all_campaigns":false,"_jetpack_memberships_contains_paid_content":false,"footnotes":""},"categories":[101,2],"tags":[],"class_list":["post-59585","post","type-post","status-publish","format-standard","has-post-thumbnail","hentry","category-interes-general-locales","category-locales"],"aioseo_notices":[],"gutentor_comment":0,"jetpack_featured_media_url":"https:\/\/eldiariodesanpedro.com.ar\/sitio\/wp-content\/uploads\/2019\/09\/muj2_2919.jpg","jetpack_shortlink":"https:\/\/wp.me\/p6RhLt-fv3","jetpack_sharing_enabled":true,"_links":{"self":[{"href":"https:\/\/eldiariodesanpedro.com.ar\/sitio\/wp-json\/wp\/v2\/posts\/59585","targetHints":{"allow":["GET"]}}],"collection":[{"href":"https:\/\/eldiariodesanpedro.com.ar\/sitio\/wp-json\/wp\/v2\/posts"}],"about":[{"href":"https:\/\/eldiariodesanpedro.com.ar\/sitio\/wp-json\/wp\/v2\/types\/post"}],"author":[{"embeddable":true,"href":"https:\/\/eldiariodesanpedro.com.ar\/sitio\/wp-json\/wp\/v2\/users\/4"}],"replies":[{"embeddable":true,"href":"https:\/\/eldiariodesanpedro.com.ar\/sitio\/wp-json\/wp\/v2\/comments?post=59585"}],"version-history":[{"count":1,"href":"https:\/\/eldiariodesanpedro.com.ar\/sitio\/wp-json\/wp\/v2\/posts\/59585\/revisions"}],"predecessor-version":[{"id":59589,"href":"https:\/\/eldiariodesanpedro.com.ar\/sitio\/wp-json\/wp\/v2\/posts\/59585\/revisions\/59589"}],"wp:featuredmedia":[{"embeddable":true,"href":"https:\/\/eldiariodesanpedro.com.ar\/sitio\/wp-json\/wp\/v2\/media\/59588"}],"wp:attachment":[{"href":"https:\/\/eldiariodesanpedro.com.ar\/sitio\/wp-json\/wp\/v2\/media?parent=59585"}],"wp:term":[{"taxonomy":"category","embeddable":true,"href":"https:\/\/eldiariodesanpedro.com.ar\/sitio\/wp-json\/wp\/v2\/categories?post=59585"},{"taxonomy":"post_tag","embeddable":true,"href":"https:\/\/eldiariodesanpedro.com.ar\/sitio\/wp-json\/wp\/v2\/tags?post=59585"}],"curies":[{"name":"wp","href":"https:\/\/api.w.org\/{rel}","templated":true}]}}