{"id":59581,"date":"2019-09-07T10:52:41","date_gmt":"2019-09-07T13:52:41","guid":{"rendered":"https:\/\/eldiariodesanpedro.com.ar\/sitio\/?p=59581"},"modified":"2019-09-07T10:52:42","modified_gmt":"2019-09-07T13:52:42","slug":"hoy-sabado-7-feria-otra-vez","status":"publish","type":"post","link":"https:\/\/eldiariodesanpedro.com.ar\/sitio\/hoy-sabado-7-feria-otra-vez\/","title":{"rendered":"Hoy s\u00e1bado 7 , feria otra vez!"},"content":{"rendered":"<!-- VideographyWP Plugin Message: Automatic video embedding prevented by plugin options. -->\n\n<p><strong><em>De 10 a 18 se&nbsp;concretar\u00e1 la quinta feria del a\u00f1o, donde productores acercan su producci\u00f3n a los consumidores de San Pedro o quienes est\u00e9n visitando la ciudad.<\/em><\/strong><br><br>Con la feria de la temporada, ser\u00e1 la oportunidad ideal para hacer compras de plantas para arreglar el jard\u00edn pr\u00f3ximo a la primavera, con la oferta variada y algunos plantines destinados a la huerta. Batata y hortalizas de hoja, para hacer una provisi\u00f3n adecuada, dulces tipo mermeladas y s\u00f3lidos, confituras especiales, licores y miel, entre tantos productos. Tambi\u00e9n habr\u00e1 lanas y tejidos, con algunas innovaciones respecto a la reutilizaci\u00f3n de los tintes naturales.<br><br>\u00abFrutos de la tierra y el r\u00edo\u00bb es una asociaci\u00f3n civil que re\u00fane a productores familiares de nuestra zona y que busca integrarlos para la gesti\u00f3n de proyectos colectivos, donde la feria es uno de ellos. Desde 2018 hay una ordenanza municipal que regula su participaci\u00f3n, y todos los productores interesados en ofrecer sus productos all\u00ed, pueden acercarse para conocerlos y establecer v\u00ednculos. Luego de esta, quedar\u00e1 solo una feria m\u00e1s para 2019, por lo cual es momento para acercarse y aprovechar.<\/p>\n","protected":false},"excerpt":{"rendered":"<p>De 10 a 18 se&nbsp;concretar\u00e1 la quinta feria del a\u00f1o, donde productores acercan su producci\u00f3n a los consumidores de San Pedro o quienes est\u00e9n visitando la ciudad. Con la feria de la temporada, ser\u00e1 la oportunidad ideal para hacer compras de plantas para arreglar el jard\u00edn pr\u00f3ximo a la primavera, con la oferta variada y [&hellip;]<\/p>\n","protected":false},"author":4,"featured_media":59582,"comment_status":"open","ping_status":"closed","sticky":false,"template":"","format":"standard","meta":{"om_disable_all_campaigns":false,"_jetpack_memberships_contains_paid_content":false,"footnotes":""},"categories":[101,2],"tags":[],"class_list":["post-59581","post","type-post","status-publish","format-standard","has-post-thumbnail","hentry","category-interes-general-locales","category-locales"],"aioseo_notices":[],"gutentor_comment":0,"jetpack_featured_media_url":"https:\/\/eldiariodesanpedro.com.ar\/sitio\/wp-content\/uploads\/2019\/09\/unnamed-1.png","jetpack_shortlink":"https:\/\/wp.me\/p6RhLt-fuZ","jetpack_sharing_enabled":true,"_links":{"self":[{"href":"https:\/\/eldiariodesanpedro.com.ar\/sitio\/wp-json\/wp\/v2\/posts\/59581","targetHints":{"allow":["GET"]}}],"collection":[{"href":"https:\/\/eldiariodesanpedro.com.ar\/sitio\/wp-json\/wp\/v2\/posts"}],"about":[{"href":"https:\/\/eldiariodesanpedro.com.ar\/sitio\/wp-json\/wp\/v2\/types\/post"}],"author":[{"embeddable":true,"href":"https:\/\/eldiariodesanpedro.com.ar\/sitio\/wp-json\/wp\/v2\/users\/4"}],"replies":[{"embeddable":true,"href":"https:\/\/eldiariodesanpedro.com.ar\/sitio\/wp-json\/wp\/v2\/comments?post=59581"}],"version-history":[{"count":1,"href":"https:\/\/eldiariodesanpedro.com.ar\/sitio\/wp-json\/wp\/v2\/posts\/59581\/revisions"}],"predecessor-version":[{"id":59583,"href":"https:\/\/eldiariodesanpedro.com.ar\/sitio\/wp-json\/wp\/v2\/posts\/59581\/revisions\/59583"}],"wp:featuredmedia":[{"embeddable":true,"href":"https:\/\/eldiariodesanpedro.com.ar\/sitio\/wp-json\/wp\/v2\/media\/59582"}],"wp:attachment":[{"href":"https:\/\/eldiariodesanpedro.com.ar\/sitio\/wp-json\/wp\/v2\/media?parent=59581"}],"wp:term":[{"taxonomy":"category","embeddable":true,"href":"https:\/\/eldiariodesanpedro.com.ar\/sitio\/wp-json\/wp\/v2\/categories?post=59581"},{"taxonomy":"post_tag","embeddable":true,"href":"https:\/\/eldiariodesanpedro.com.ar\/sitio\/wp-json\/wp\/v2\/tags?post=59581"}],"curies":[{"name":"wp","href":"https:\/\/api.w.org\/{rel}","templated":true}]}}