{"id":5957,"date":"2016-07-12T20:46:23","date_gmt":"2016-07-12T23:46:23","guid":{"rendered":"https:\/\/eldiariodesanpedro.com.ar\/sitio\/?p=5957"},"modified":"2016-07-12T20:46:23","modified_gmt":"2016-07-12T23:46:23","slug":"nuevo-fallo-judicial-pone-freno-al-tarifazo-y-trunca-la-adquisicion-de-la-clinica-san-martin-por-parte-la-coopser","status":"publish","type":"post","link":"https:\/\/eldiariodesanpedro.com.ar\/sitio\/nuevo-fallo-judicial-pone-freno-al-tarifazo-y-trunca-la-adquisicion-de-la-clinica-san-martin-por-parte-la-coopser\/","title":{"rendered":"Nuevo fallo judicial pone freno al tarifazo y trunca la adquisici\u00f3n de la Cl\u00ednica San Mart\u00edn por parte la Coopser"},"content":{"rendered":"<p><!-- VideographyWP Plugin Message: Automatic video embedding prevented by plugin options. --><br \/>\nEl Gobierno sufri\u00f3 un nuevo rev\u00e9s en la Justicia en su intento de aplicar un tarifazo y ahora las facturas de luz quedar\u00e1n congeladas en la provincia de Buenos Aires por un plazo de 90 d\u00edas. Ello hace temblar nuevamente a la Coopser y su proyecto de adquisici\u00f3n de la Cl\u00ednica San Mart\u00edn.<br \/>\nMientras que las autoridades de la Cooperativa de Provisi\u00f3n de Servicios El\u00e9ctricos, P\u00fablicos y Sociales de San Pedro intentan vislumbrar un futuro mediato en cuanto a la dif\u00edcil situaci\u00f3n a corto plazo que les tocar\u00e1 atravesar con la nueva medida, los empleados de la Cl\u00ednica San Mart\u00edn fueron informadas de lo sucedido. Inclusive en la jornada de ayer se hab\u00eda avanzado sobre algunos trabajos en el edificio, pero este nuevo baldazo de agua fr\u00eda pr\u00e1cticamente termina con las ilusiones de los 50 trabajadores que se desempe\u00f1an en el lugar.<br \/>\nLa cautelar suspende la aplicaci\u00f3n de la resoluci\u00f3n 22\/2016 del Ministerio de Infraestructura y Servicios P\u00fablicos de la Provincia y la 166\/2016 del Organismo de Control de la Energ\u00eda El\u00e9ctrica de Buenos Aires (OCEBA), que hab\u00edan habilitado la actualizaci\u00f3n de las tarifas en el interior provincial. La jueza dispuso que se suspenda la emisi\u00f3n de facturas con el actual cuadro tarifario, que se reliquiden las mismas y que en ese lapso no se corte el suministro a los usuarios por falta de pago. En el caso de que ya hayan abonado, la diferencia entre lo pagado y lo que deber\u00eda haber sido con la vieja facturaci\u00f3n se tomar\u00e1 como un cr\u00e9dito a favor de los clientes.<br \/>\nAsimismo, deja a la Corte Suprema bonaerense la cuesti\u00f3n de fondo: si las resoluciones suspendidas son o no inconstitucionales, como argumentan los peticionantes.<br \/>\nMientras tanto, la Corte Suprema deber\u00e1 decidir por el futuro de otro fallo, de la C\u00e1mara Federal de La Plata, que suspendi\u00f3 las resoluciones del ministerio de Energ\u00eda con el nuevo cuadro tarifario de luz y gas para todo el pa\u00eds. Como respuesta a esto, el Gobierno nacional ayer dispuso un tope de 400% de incremento, independientemente del consumo.<\/p>\n<p>El dolor de los empleados de la cl\u00ednica<\/p>\n<p>Con l\u00e1grimas en los ojos, los empleados del centro asistencial escucharon la noticia de parte de las autoridades de la Coopser que se hicieron presentes en el lugar.<br \/>\nAlgunas, las que pudieron hacerlo, manifestaron sus sensaciones. \u201cTodos estamos en una situaci\u00f3n cr\u00edtica, todos somos trabajadores, todos hemos permanecido, algunos m\u00e1s, cumpliendo todo el turno, yo en mi caso tuve que salir a buscar otra puerta laboral para poder seguir subsistiendo\u201d, dijo una de ellas y agreg\u00f3: \u201cTenemos mucha tristeza, escasez, necesidad y de un pronto auxilio\u201d.<br \/>\nOtra de las mujeres en el lugar, sin poder ocultar su llanto, dijo: \u201cNos abandonaron, no fueron capaces de levantar el tel\u00e9fono para preguntar c\u00f3mo est\u00e1bamos ac\u00e1 dentro en la cl\u00ednica\u201d, en referencia a los due\u00f1os del lugar. Y asever\u00f3: \u201cSolamente yo y mis compa\u00f1eras sabemos lo que hemos pasado\u201d y \u201cten\u00edamos la ilusi\u00f3n, pero todo se nos derrumb\u00f3 de un momento para otro\u201d. <\/p>\n","protected":false},"excerpt":{"rendered":"<p>El Gobierno sufri\u00f3 un nuevo rev\u00e9s en la Justicia en su intento de aplicar un tarifazo y ahora las facturas de luz quedar\u00e1n congeladas en la provincia de Buenos Aires por un plazo de 90 d\u00edas. Ello hace temblar nuevamente a la Coopser y su proyecto de adquisici\u00f3n de la Cl\u00ednica San Mart\u00edn. Mientras que [&hellip;]<\/p>\n","protected":false},"author":4,"featured_media":2576,"comment_status":"open","ping_status":"closed","sticky":false,"template":"","format":"standard","meta":{"om_disable_all_campaigns":false,"_jetpack_memberships_contains_paid_content":false,"footnotes":""},"categories":[50,101,2],"tags":[],"class_list":["post-5957","post","type-post","status-publish","format-standard","has-post-thumbnail","hentry","category-destacadas","category-interes-general-locales","category-locales"],"aioseo_notices":[],"gutentor_comment":0,"jetpack_featured_media_url":"https:\/\/eldiariodesanpedro.com.ar\/sitio\/wp-content\/uploads\/2016\/03\/coopser_notisanpedro_3.jpg","jetpack_shortlink":"https:\/\/wp.me\/p6RhLt-1y5","jetpack_sharing_enabled":true,"_links":{"self":[{"href":"https:\/\/eldiariodesanpedro.com.ar\/sitio\/wp-json\/wp\/v2\/posts\/5957","targetHints":{"allow":["GET"]}}],"collection":[{"href":"https:\/\/eldiariodesanpedro.com.ar\/sitio\/wp-json\/wp\/v2\/posts"}],"about":[{"href":"https:\/\/eldiariodesanpedro.com.ar\/sitio\/wp-json\/wp\/v2\/types\/post"}],"author":[{"embeddable":true,"href":"https:\/\/eldiariodesanpedro.com.ar\/sitio\/wp-json\/wp\/v2\/users\/4"}],"replies":[{"embeddable":true,"href":"https:\/\/eldiariodesanpedro.com.ar\/sitio\/wp-json\/wp\/v2\/comments?post=5957"}],"version-history":[{"count":1,"href":"https:\/\/eldiariodesanpedro.com.ar\/sitio\/wp-json\/wp\/v2\/posts\/5957\/revisions"}],"predecessor-version":[{"id":5958,"href":"https:\/\/eldiariodesanpedro.com.ar\/sitio\/wp-json\/wp\/v2\/posts\/5957\/revisions\/5958"}],"wp:featuredmedia":[{"embeddable":true,"href":"https:\/\/eldiariodesanpedro.com.ar\/sitio\/wp-json\/wp\/v2\/media\/2576"}],"wp:attachment":[{"href":"https:\/\/eldiariodesanpedro.com.ar\/sitio\/wp-json\/wp\/v2\/media?parent=5957"}],"wp:term":[{"taxonomy":"category","embeddable":true,"href":"https:\/\/eldiariodesanpedro.com.ar\/sitio\/wp-json\/wp\/v2\/categories?post=5957"},{"taxonomy":"post_tag","embeddable":true,"href":"https:\/\/eldiariodesanpedro.com.ar\/sitio\/wp-json\/wp\/v2\/tags?post=5957"}],"curies":[{"name":"wp","href":"https:\/\/api.w.org\/{rel}","templated":true}]}}