{"id":59564,"date":"2019-09-06T19:40:25","date_gmt":"2019-09-06T22:40:25","guid":{"rendered":"https:\/\/eldiariodesanpedro.com.ar\/sitio\/?p=59564"},"modified":"2019-09-06T19:40:29","modified_gmt":"2019-09-06T22:40:29","slug":"encuentran-un-hombre-fallecido-en-el-interior-de-su-vivienda","status":"publish","type":"post","link":"https:\/\/eldiariodesanpedro.com.ar\/sitio\/encuentran-un-hombre-fallecido-en-el-interior-de-su-vivienda\/","title":{"rendered":"Encuentran un hombre fallecido en el interior de su vivienda"},"content":{"rendered":"<!-- VideographyWP Plugin Message: Automatic video embedding prevented by plugin options. -->\n\n<p>Se tratar\u00eda de un hombre mayor de edad identificado como Marcelo Turci, conocido por trabajar en la docencia hace un tiempo atr\u00e1s, aunque seg\u00fan personas que lo conoc\u00edan manifestaron que se encontraba en estado de abandono transitando una grave enfermedad.<\/p>\n\n\n\n<p>El cuerpo fue hallado en el interior de su morada sita en calle Lavalle al 450.<\/p>\n\n\n\n<p>En el lugar trabajo personal de comisar\u00eda quienes realizaron as actuaciones legales y un profesional de la medicina quien habr\u00eda constatado su deseso.<\/p>\n\n\n\n<p>Lo lamentable es que el fallecimiento de esta persona no habr\u00eda sido reciente sino de d\u00edas atr\u00e1s.<\/p>\n\n\n\n<p>Polic\u00eda Cient\u00edfica tambi\u00e9n trabajo en el lugar y traslada al cuerpo a su autopsia primeramente.<\/p>\n\n\n\n<figure class=\"wp-block-image\"><img decoding=\"async\" width=\"1024\" height=\"485\" data-attachment-id=\"59566\" data-permalink=\"https:\/\/eldiariodesanpedro.com.ar\/sitio\/20190906_183448\/\" data-orig-file=\"https:\/\/eldiariodesanpedro.com.ar\/sitio\/wp-content\/uploads\/2019\/09\/20190906_183448.jpg\" data-orig-size=\"4032,1908\" data-comments-opened=\"1\" data-image-meta=\"{&quot;aperture&quot;:&quot;2.4&quot;,&quot;credit&quot;:&quot;&quot;,&quot;camera&quot;:&quot;SM-G975F&quot;,&quot;caption&quot;:&quot;&quot;,&quot;created_timestamp&quot;:&quot;1567794888&quot;,&quot;copyright&quot;:&quot;&quot;,&quot;focal_length&quot;:&quot;4.32&quot;,&quot;iso&quot;:&quot;320&quot;,&quot;shutter_speed&quot;:&quot;0.0083333333333333&quot;,&quot;title&quot;:&quot;&quot;,&quot;orientation&quot;:&quot;1&quot;}\" data-image-title=\"20190906_183448\" data-image-description=\"\" data-image-caption=\"\" data-large-file=\"https:\/\/eldiariodesanpedro.com.ar\/sitio\/wp-content\/uploads\/2019\/09\/20190906_183448-1024x485.jpg\" data-src=\"https:\/\/eldiariodesanpedro.com.ar\/sitio\/wp-content\/uploads\/2019\/09\/20190906_183448-1024x485.jpg\" alt=\"\" class=\"wp-image-59566 lazyload\" data-srcset=\"https:\/\/eldiariodesanpedro.com.ar\/sitio\/wp-content\/uploads\/2019\/09\/20190906_183448-1024x485.jpg 1024w, https:\/\/eldiariodesanpedro.com.ar\/sitio\/wp-content\/uploads\/2019\/09\/20190906_183448-300x142.jpg 300w, https:\/\/eldiariodesanpedro.com.ar\/sitio\/wp-content\/uploads\/2019\/09\/20190906_183448-768x363.jpg 768w\" data-sizes=\"(max-width: 1024px) 100vw, 1024px\" src=\"data:image\/svg+xml;base64,PHN2ZyB3aWR0aD0iMSIgaGVpZ2h0PSIxIiB4bWxucz0iaHR0cDovL3d3dy53My5vcmcvMjAwMC9zdmciPjwvc3ZnPg==\" style=\"--smush-placeholder-width: 1024px; --smush-placeholder-aspect-ratio: 1024\/485;\" \/><\/figure>\n","protected":false},"excerpt":{"rendered":"<p>Se tratar\u00eda de un hombre mayor de edad identificado como Marcelo Turci, conocido por trabajar en la docencia hace un tiempo atr\u00e1s, aunque seg\u00fan personas que lo conoc\u00edan manifestaron que se encontraba en estado de abandono transitando una grave enfermedad. El cuerpo fue hallado en el interior de su morada sita en calle Lavalle al [&hellip;]<\/p>\n","protected":false},"author":4,"featured_media":59569,"comment_status":"open","ping_status":"closed","sticky":false,"template":"","format":"standard","meta":{"om_disable_all_campaigns":false,"_jetpack_memberships_contains_paid_content":false,"footnotes":""},"categories":[2,103],"tags":[],"class_list":["post-59564","post","type-post","status-publish","format-standard","has-post-thumbnail","hentry","category-locales","category-policiales-locales"],"aioseo_notices":[],"gutentor_comment":0,"jetpack_featured_media_url":"https:\/\/eldiariodesanpedro.com.ar\/sitio\/wp-content\/uploads\/2019\/09\/20190906_183531.jpg","jetpack_shortlink":"https:\/\/wp.me\/p6RhLt-fuI","jetpack_sharing_enabled":true,"_links":{"self":[{"href":"https:\/\/eldiariodesanpedro.com.ar\/sitio\/wp-json\/wp\/v2\/posts\/59564","targetHints":{"allow":["GET"]}}],"collection":[{"href":"https:\/\/eldiariodesanpedro.com.ar\/sitio\/wp-json\/wp\/v2\/posts"}],"about":[{"href":"https:\/\/eldiariodesanpedro.com.ar\/sitio\/wp-json\/wp\/v2\/types\/post"}],"author":[{"embeddable":true,"href":"https:\/\/eldiariodesanpedro.com.ar\/sitio\/wp-json\/wp\/v2\/users\/4"}],"replies":[{"embeddable":true,"href":"https:\/\/eldiariodesanpedro.com.ar\/sitio\/wp-json\/wp\/v2\/comments?post=59564"}],"version-history":[{"count":1,"href":"https:\/\/eldiariodesanpedro.com.ar\/sitio\/wp-json\/wp\/v2\/posts\/59564\/revisions"}],"predecessor-version":[{"id":59570,"href":"https:\/\/eldiariodesanpedro.com.ar\/sitio\/wp-json\/wp\/v2\/posts\/59564\/revisions\/59570"}],"wp:featuredmedia":[{"embeddable":true,"href":"https:\/\/eldiariodesanpedro.com.ar\/sitio\/wp-json\/wp\/v2\/media\/59569"}],"wp:attachment":[{"href":"https:\/\/eldiariodesanpedro.com.ar\/sitio\/wp-json\/wp\/v2\/media?parent=59564"}],"wp:term":[{"taxonomy":"category","embeddable":true,"href":"https:\/\/eldiariodesanpedro.com.ar\/sitio\/wp-json\/wp\/v2\/categories?post=59564"},{"taxonomy":"post_tag","embeddable":true,"href":"https:\/\/eldiariodesanpedro.com.ar\/sitio\/wp-json\/wp\/v2\/tags?post=59564"}],"curies":[{"name":"wp","href":"https:\/\/api.w.org\/{rel}","templated":true}]}}