{"id":59554,"date":"2019-09-06T17:48:23","date_gmt":"2019-09-06T20:48:23","guid":{"rendered":"https:\/\/eldiariodesanpedro.com.ar\/sitio\/?p=59554"},"modified":"2019-09-06T17:48:28","modified_gmt":"2019-09-06T20:48:28","slug":"septiembre-en-el-centro-cultural","status":"publish","type":"post","link":"https:\/\/eldiariodesanpedro.com.ar\/sitio\/septiembre-en-el-centro-cultural\/","title":{"rendered":"Septiembre en el Centro Cultural"},"content":{"rendered":"<!-- VideographyWP Plugin Message: Automatic video embedding prevented by plugin options. -->\n\n<p>\n\nEn esta oportunidad la muestra mensual pertenece a la artista local Maril\u00fa Gay\u00e1 que nacida en nuestra ciudad, curs\u00f3 el secundario en la Escuela Normal, obteniendo el t\u00edtulo de maestra. Siendo ni\u00f1a vivi\u00f3 gran parte de su infancia con su t\u00eda, due\u00f1a de una escuela de dibujo y pintura en San Nicol\u00e1s.<br>Fue all\u00ed donde aprendi\u00f3 los primeros pasos en el arte. Luego asisti\u00f3 a la Escuela de Artes Renser en San Isidro donde se especializ\u00f3 en Pintura con acuarelas y \u00f3leos, recibi\u00e9ndose de profesora de dibujo y pintura.<br>Tom\u00f3 la direcci\u00f3n de la Escuela que dejara su t\u00eda. Por un tiempo dej\u00f3 de lado su amor por los pinceles para dedicarse a la atenci\u00f3n de sus cuatro hijos, retomando nuevamente para convertirse en la actual artista que es, logrando exquisitas obras de rostros, flores y paisajes.<\/p>\n\n\n\n<p>*7 Septiembre | 19.00 &nbsp;\u2013 Bandas en vivo. Alumnos de 3ro, 5to y 6to a\u00f1o de la Escuela Secundaria N\u00ba7 har\u00e1n una presentaci\u00f3n en vivo.<br>*14 y 15 septiembre | 16.00 \u2013 Taller de Bombo Leg\u00fcero para ni\u00f1os. Anotarse previamente.<br>*22 septiembre | 17.00 \u2013 Presentaci\u00f3n del Festival de M\u00fasica Country a desarrollarse en el Paseo P\u00fablico los d\u00edas 26, 27, 28 y 29 del corriente mes.<br>*24 septiembre | Cierre del Ciclo Cultural del Jard\u00edn Frutillitas.<br>*7, 14 y 21 de septiembre | Seminario de Historia Latinoamericana con la Profesora Rosal\u00eda Lenguitti.<\/p>\n\n\n\n<p>Contin\u00faa la muestra permanente de Fernando Garc\u00eda Curten, Jorge Coqui L\u00f3pez, Juan Jos\u00e9 D&#8217;Est\u00e9fano, Pedro Su\u00f1er, Virginia Hall, Herminia Sabatini, Dagoberto Ortiz y Miguel Prelato.<br>Tambi\u00e9n se dictan talleres de Tango; Folklore; Ajedrez; Canto; Ritmos Urbanos; Stand Up; Pintura; Lenguaje de Se\u00f1as y periodismo con el celular. Consulta por disponibilidad y horarios.\n\n<\/p>\n","protected":false},"excerpt":{"rendered":"<p>En esta oportunidad la muestra mensual pertenece a la artista local Maril\u00fa Gay\u00e1 que nacida en nuestra ciudad, curs\u00f3 el secundario en la Escuela Normal, obteniendo el t\u00edtulo de maestra. Siendo ni\u00f1a vivi\u00f3 gran parte de su infancia con su t\u00eda, due\u00f1a de una escuela de dibujo y pintura en San Nicol\u00e1s.Fue all\u00ed donde aprendi\u00f3 [&hellip;]<\/p>\n","protected":false},"author":4,"featured_media":59555,"comment_status":"open","ping_status":"closed","sticky":false,"template":"","format":"standard","meta":{"om_disable_all_campaigns":false,"_jetpack_memberships_contains_paid_content":false,"footnotes":""},"categories":[101,2],"tags":[],"class_list":["post-59554","post","type-post","status-publish","format-standard","has-post-thumbnail","hentry","category-interes-general-locales","category-locales"],"aioseo_notices":[],"gutentor_comment":0,"jetpack_featured_media_url":"https:\/\/eldiariodesanpedro.com.ar\/sitio\/wp-content\/uploads\/2019\/09\/1-2.jpeg","jetpack_shortlink":"https:\/\/wp.me\/p6RhLt-fuy","jetpack_sharing_enabled":true,"_links":{"self":[{"href":"https:\/\/eldiariodesanpedro.com.ar\/sitio\/wp-json\/wp\/v2\/posts\/59554","targetHints":{"allow":["GET"]}}],"collection":[{"href":"https:\/\/eldiariodesanpedro.com.ar\/sitio\/wp-json\/wp\/v2\/posts"}],"about":[{"href":"https:\/\/eldiariodesanpedro.com.ar\/sitio\/wp-json\/wp\/v2\/types\/post"}],"author":[{"embeddable":true,"href":"https:\/\/eldiariodesanpedro.com.ar\/sitio\/wp-json\/wp\/v2\/users\/4"}],"replies":[{"embeddable":true,"href":"https:\/\/eldiariodesanpedro.com.ar\/sitio\/wp-json\/wp\/v2\/comments?post=59554"}],"version-history":[{"count":1,"href":"https:\/\/eldiariodesanpedro.com.ar\/sitio\/wp-json\/wp\/v2\/posts\/59554\/revisions"}],"predecessor-version":[{"id":59556,"href":"https:\/\/eldiariodesanpedro.com.ar\/sitio\/wp-json\/wp\/v2\/posts\/59554\/revisions\/59556"}],"wp:featuredmedia":[{"embeddable":true,"href":"https:\/\/eldiariodesanpedro.com.ar\/sitio\/wp-json\/wp\/v2\/media\/59555"}],"wp:attachment":[{"href":"https:\/\/eldiariodesanpedro.com.ar\/sitio\/wp-json\/wp\/v2\/media?parent=59554"}],"wp:term":[{"taxonomy":"category","embeddable":true,"href":"https:\/\/eldiariodesanpedro.com.ar\/sitio\/wp-json\/wp\/v2\/categories?post=59554"},{"taxonomy":"post_tag","embeddable":true,"href":"https:\/\/eldiariodesanpedro.com.ar\/sitio\/wp-json\/wp\/v2\/tags?post=59554"}],"curies":[{"name":"wp","href":"https:\/\/api.w.org\/{rel}","templated":true}]}}