{"id":59551,"date":"2019-09-06T17:25:04","date_gmt":"2019-09-06T20:25:04","guid":{"rendered":"https:\/\/eldiariodesanpedro.com.ar\/sitio\/?p=59551"},"modified":"2019-09-06T17:25:08","modified_gmt":"2019-09-06T20:25:08","slug":"inta-san-pedro-san-pedro-ya-tiene-lote-demostrativo","status":"publish","type":"post","link":"https:\/\/eldiariodesanpedro.com.ar\/sitio\/inta-san-pedro-san-pedro-ya-tiene-lote-demostrativo\/","title":{"rendered":"INTA SAN PEDRO: San Pedro ya tiene lote demostrativo"},"content":{"rendered":"<!-- VideographyWP Plugin Message: Automatic video embedding prevented by plugin options. -->\n\n<p>Es un predio de 3 hect\u00e1reas en el campo de un productor local que fue seleccionado de manera participativa para desarrollar las actividades que propone el Proyecto FONTAGRO \u00abControl sustentable del vector de HLB en la Agricultura Familiar en Argentina, Uruguay, Paraguay y Bolivia\u00bb, y que busca proteger nuestra zona del avance de HLB en la citricultura. <\/p>\n\n\n\n<p>Rodeados de naranjas y habiendo realizado las primeras pr\u00e1cticas de poda recomendadas, tuvo lugar el lanzamiento a nivel local del lote demostrativo de plantas c\u00edtricas en San Pedro, uno de los 17 propuestos en el marco de este proyecto FONTAGRO. El encuentro se realiz\u00f3 el mi\u00e9rcoles 4 de septiembre y cont\u00f3 con la participaci\u00f3n clave de las instituciones del sector.<\/p>\n\n\n\n<p>Se trata de un trabajo a 3 a\u00f1os en el lote demostrativo de naranja de ombligo del productor Juan Carlos Cap\u00f3, donde se utilizar\u00e1n metodolog\u00edas de manejo integrado de plagas con eje en el HLB, procurando adem\u00e1s alcanzar rendimientos \u00f3ptimos en la producci\u00f3n local. \u201cEste debe ser un verdadero lote demostrativo donde adem\u00e1s de poner foco en la prevenci\u00f3n del ingreso de HLB, todos pongamos lo mejor de nuestras capacidades y podamos demostrar la potencialidad de nuestra citricultura como econom\u00eda regional\u201d, introdujo Norberto Angel, referente local del proyecto por INTA San Pedro, aclarando que \u201ctambi\u00e9n evaluaremos la calidad de la producci\u00f3n en comparaci\u00f3n con el lote testigo. El productor tiene un total de 10 hect\u00e1reas divididas en 3 lotes de 3 hect\u00e1reas cada uno. Uno de estos ser\u00e1 el demostrativo y otro de superficie equivalente el testigo\u201d.<\/p>\n\n\n\n<p>El HLB es la enfermedad m\u00e1s importante a nivel mundial que afecta a los c\u00edtricos y es causada por una bacteria, pudiendo provocar hasta la muerte de la planta. \u2026 \u201ces relativamente nueva para el continente americano y Argentina, ya que fue detectada en nuestro pa\u00eds hace unos 5 a\u00f1os en una localidad de Misiones\u2026 su principal forma de transmisi\u00f3n es el material vegetal, pero tambi\u00e9n hay un vector que la transmite\u201d, especific\u00f3 Angel, valorando el privilegio de de ser una zona libre de vector y enfermedad, estatus sanitario definido a partir de los constantes monitoreos que realiza SENASA en la regi\u00f3n. En este sentido, el proyecto insiste en alertar sobre el avance de HLB en la regi\u00f3n y el pa\u00eds, y para ello propone adaptar, difundir y concientizar la tecnolog\u00eda del Manejo Integrado de Plagas y Enfermedades (MIP) en el control del vector del HLB de los c\u00edtricos en la agricultura familiar en los 4 pa\u00edses involucrados.<\/p>\n","protected":false},"excerpt":{"rendered":"<p>Es un predio de 3 hect\u00e1reas en el campo de un productor local que fue seleccionado de manera participativa para desarrollar las actividades que propone el Proyecto FONTAGRO \u00abControl sustentable del vector de HLB en la Agricultura Familiar en Argentina, Uruguay, Paraguay y Bolivia\u00bb, y que busca proteger nuestra zona del avance de HLB en [&hellip;]<\/p>\n","protected":false},"author":4,"featured_media":59552,"comment_status":"open","ping_status":"closed","sticky":false,"template":"","format":"standard","meta":{"om_disable_all_campaigns":false,"_jetpack_memberships_contains_paid_content":false,"footnotes":""},"categories":[101,2],"tags":[],"class_list":["post-59551","post","type-post","status-publish","format-standard","has-post-thumbnail","hentry","category-interes-general-locales","category-locales"],"aioseo_notices":[],"gutentor_comment":0,"jetpack_featured_media_url":"https:\/\/eldiariodesanpedro.com.ar\/sitio\/wp-content\/uploads\/2019\/09\/unnamed-2.jpg","jetpack_shortlink":"https:\/\/wp.me\/p6RhLt-fuv","jetpack_sharing_enabled":true,"_links":{"self":[{"href":"https:\/\/eldiariodesanpedro.com.ar\/sitio\/wp-json\/wp\/v2\/posts\/59551","targetHints":{"allow":["GET"]}}],"collection":[{"href":"https:\/\/eldiariodesanpedro.com.ar\/sitio\/wp-json\/wp\/v2\/posts"}],"about":[{"href":"https:\/\/eldiariodesanpedro.com.ar\/sitio\/wp-json\/wp\/v2\/types\/post"}],"author":[{"embeddable":true,"href":"https:\/\/eldiariodesanpedro.com.ar\/sitio\/wp-json\/wp\/v2\/users\/4"}],"replies":[{"embeddable":true,"href":"https:\/\/eldiariodesanpedro.com.ar\/sitio\/wp-json\/wp\/v2\/comments?post=59551"}],"version-history":[{"count":1,"href":"https:\/\/eldiariodesanpedro.com.ar\/sitio\/wp-json\/wp\/v2\/posts\/59551\/revisions"}],"predecessor-version":[{"id":59553,"href":"https:\/\/eldiariodesanpedro.com.ar\/sitio\/wp-json\/wp\/v2\/posts\/59551\/revisions\/59553"}],"wp:featuredmedia":[{"embeddable":true,"href":"https:\/\/eldiariodesanpedro.com.ar\/sitio\/wp-json\/wp\/v2\/media\/59552"}],"wp:attachment":[{"href":"https:\/\/eldiariodesanpedro.com.ar\/sitio\/wp-json\/wp\/v2\/media?parent=59551"}],"wp:term":[{"taxonomy":"category","embeddable":true,"href":"https:\/\/eldiariodesanpedro.com.ar\/sitio\/wp-json\/wp\/v2\/categories?post=59551"},{"taxonomy":"post_tag","embeddable":true,"href":"https:\/\/eldiariodesanpedro.com.ar\/sitio\/wp-json\/wp\/v2\/tags?post=59551"}],"curies":[{"name":"wp","href":"https:\/\/api.w.org\/{rel}","templated":true}]}}