{"id":5954,"date":"2016-07-12T20:44:36","date_gmt":"2016-07-12T23:44:36","guid":{"rendered":"https:\/\/eldiariodesanpedro.com.ar\/sitio\/?p=5954"},"modified":"2016-07-12T20:44:36","modified_gmt":"2016-07-12T23:44:36","slug":"el-departamento-ejecutivo-elevo-un-proyecto-al-hcd-para-prorrogar-el-contrato-con-ashira","status":"publish","type":"post","link":"https:\/\/eldiariodesanpedro.com.ar\/sitio\/el-departamento-ejecutivo-elevo-un-proyecto-al-hcd-para-prorrogar-el-contrato-con-ashira\/","title":{"rendered":"El Departamento Ejecutivo elev\u00f3 un proyecto al HCD para prorrogar el contrato con ASHIRA"},"content":{"rendered":"<p><!-- VideographyWP Plugin Message: Automatic video embedding prevented by plugin options. --><br \/>\nIngres\u00f3 al HCD un proyecto de ordenanza, elaborado por el Ejecutivo Municipal, que tiene como objetivo que el cuerpo deliberativo apruebe una nueva pr\u00f3rroga del contrato precario que mantiene con la empresa de recolecci\u00f3n de residuos ASHIRA, que venci\u00f3 el pasado 30 de junio.<br \/>\nEl mismo tendr\u00e1 vigencia hasta el 31 de diciembre de 2016 y la iniciativa est\u00e1 sujeta a la baja cobrabilidad de la Tasa de Alumbrado, Barrido y Limpieza. La misma asciende a tan solo un 55% y lo recaudado no alcanza para mejorar en cuanto a lo econ\u00f3mico, en lo que la firma est\u00e1 requiriendo para mejorar el servicio.<br \/>\nSe iniciar\u00e1 una campa\u00f1a para aumentar la recaudaci\u00f3n y, a fin de a\u00f1o, poder hacer el nuevo pliego licitatorio con los montos actualizados.<br \/>\nEn tanto, seg\u00fan se pudo establecer, el municipio ha pagado desde el mes de enero a t\u00e9rmino la facturaci\u00f3n, pero no cuenta con los fondos para hacer frente a la deuda, por lo que se espera que, para poder subsanar dicha situaci\u00f3n, se pidan fondos al Gobierno nacional o provincial.<br \/>\n\u201cTuvimos varias reuniones con la empresa, estuvimos analizando una cuesti\u00f3n de costos, vinculado con lo que hoy se est\u00e1 recaudando porque obviamente tenemos que hacer un nuevo pliego licitatorio, pero no podr\u00edamos concretarlo porque hoy el vecino de San Pedro no est\u00e1 contribuyendo como uno desear\u00eda y por lo tanto no podemos extenderlo el servicio que hoy presta Ashira, porque hoy no lo podemos pagar\u201d, dijo S\u00e1nchez Negrete, secretario de Econom\u00eda y Hacienda. Al tiempo, confirm\u00f3 que la cobrabilidad de la Tasa de Alumbrado, Barrido y Limpieza es tan solo del 55%.<br \/>\nEn ese sentido, consider\u00f3: \u201cVamos a comenzar una campa\u00f1a requi\u00e9ndole al vecino un cumplimiento m\u00e1s efectivo o m\u00e1s puntual en el pago de las tasas, para en estos meses que le vamos a dar de pr\u00f3rroga del contrato de Ashira poder llegar a aumentar la recaudaci\u00f3n y con ello aumentar o mejorar los servicios que presta la empresa\u201d.<br \/>\nSobre el nuevo acuerdo, el funcionario aclar\u00f3: \u201cNo le podemos pagar la deuda, pero s\u00ed le pagamos a t\u00e9rmino desde enero la facturaci\u00f3n\u201d, y asever\u00f3: \u201cLa deuda es muy grande, en alg\u00fan momento necesitaremos alguna ayuda de Naci\u00f3n o de Provincia para hacer frente a ella\u201d.<\/p>\n","protected":false},"excerpt":{"rendered":"<p>Ingres\u00f3 al HCD un proyecto de ordenanza, elaborado por el Ejecutivo Municipal, que tiene como objetivo que el cuerpo deliberativo apruebe una nueva pr\u00f3rroga del contrato precario que mantiene con la empresa de recolecci\u00f3n de residuos ASHIRA, que venci\u00f3 el pasado 30 de junio. El mismo tendr\u00e1 vigencia hasta el 31 de diciembre de 2016 [&hellip;]<\/p>\n","protected":false},"author":4,"featured_media":5955,"comment_status":"open","ping_status":"closed","sticky":false,"template":"","format":"standard","meta":{"om_disable_all_campaigns":false,"_jetpack_memberships_contains_paid_content":false,"footnotes":""},"categories":[101,2],"tags":[],"class_list":["post-5954","post","type-post","status-publish","format-standard","has-post-thumbnail","hentry","category-interes-general-locales","category-locales"],"aioseo_notices":[],"gutentor_comment":0,"jetpack_featured_media_url":"https:\/\/eldiariodesanpedro.com.ar\/sitio\/wp-content\/uploads\/2016\/07\/ashira.jpg","jetpack_shortlink":"https:\/\/wp.me\/p6RhLt-1y2","jetpack_sharing_enabled":true,"_links":{"self":[{"href":"https:\/\/eldiariodesanpedro.com.ar\/sitio\/wp-json\/wp\/v2\/posts\/5954","targetHints":{"allow":["GET"]}}],"collection":[{"href":"https:\/\/eldiariodesanpedro.com.ar\/sitio\/wp-json\/wp\/v2\/posts"}],"about":[{"href":"https:\/\/eldiariodesanpedro.com.ar\/sitio\/wp-json\/wp\/v2\/types\/post"}],"author":[{"embeddable":true,"href":"https:\/\/eldiariodesanpedro.com.ar\/sitio\/wp-json\/wp\/v2\/users\/4"}],"replies":[{"embeddable":true,"href":"https:\/\/eldiariodesanpedro.com.ar\/sitio\/wp-json\/wp\/v2\/comments?post=5954"}],"version-history":[{"count":1,"href":"https:\/\/eldiariodesanpedro.com.ar\/sitio\/wp-json\/wp\/v2\/posts\/5954\/revisions"}],"predecessor-version":[{"id":5956,"href":"https:\/\/eldiariodesanpedro.com.ar\/sitio\/wp-json\/wp\/v2\/posts\/5954\/revisions\/5956"}],"wp:featuredmedia":[{"embeddable":true,"href":"https:\/\/eldiariodesanpedro.com.ar\/sitio\/wp-json\/wp\/v2\/media\/5955"}],"wp:attachment":[{"href":"https:\/\/eldiariodesanpedro.com.ar\/sitio\/wp-json\/wp\/v2\/media?parent=5954"}],"wp:term":[{"taxonomy":"category","embeddable":true,"href":"https:\/\/eldiariodesanpedro.com.ar\/sitio\/wp-json\/wp\/v2\/categories?post=5954"},{"taxonomy":"post_tag","embeddable":true,"href":"https:\/\/eldiariodesanpedro.com.ar\/sitio\/wp-json\/wp\/v2\/tags?post=5954"}],"curies":[{"name":"wp","href":"https:\/\/api.w.org\/{rel}","templated":true}]}}