{"id":59536,"date":"2019-09-06T10:18:29","date_gmt":"2019-09-06T13:18:29","guid":{"rendered":"https:\/\/eldiariodesanpedro.com.ar\/sitio\/?p=59536"},"modified":"2019-09-06T10:18:33","modified_gmt":"2019-09-06T13:18:33","slug":"campana-anuncian-aumento-para-los-municipales-y-una-suma-no-remunerativa-para-talleristas","status":"publish","type":"post","link":"https:\/\/eldiariodesanpedro.com.ar\/sitio\/campana-anuncian-aumento-para-los-municipales-y-una-suma-no-remunerativa-para-talleristas\/","title":{"rendered":"CAMPANA | Anuncian aumento para los municipales y una suma no remunerativa para talleristas"},"content":{"rendered":"<!-- VideographyWP Plugin Message: Automatic video embedding prevented by plugin options. -->\n\n<p> El incremento es de un 6% desde septiembre y un 4% m\u00e1s con los haberes de octubre. \u00abEstamos acompa\u00f1ando a los trabajadores municipales que no pueden esperar a las decisiones gremiales\u00bb, destac\u00f3 el jefe comunal.<\/p>\n\n\n\n<p>\n\nEl intendente Sebasti\u00e1n Abella anunci\u00f3 hoy un importante aumento salarial para todos los trabajadores municipales, adelant\u00e1ndose al inicio de las paritarias previsto para el viernes.<\/p>\n\n\n\n<p>\u00abHoy firm\u00e9 el decreto para realizar un pago a cuenta de futuros aumentos paritarios a los trabajadores municipales. Todos cobrar\u00e1n con el sueldo de septiembre un 6% de incremento y un 4% m\u00e1s con los haberes de octubre. Los trabajadores y sus familias no pueden esperar a decisiones gremiales que muchas veces est\u00e1n atadas a mezquindades pol\u00edticas\u00bb, anunci\u00f3 el jefe comunal.<\/p>\n\n\n\n<p>\u00abA esto se suma que todos los talleristas recibir\u00e1n con el sueldo de este mes una cifra no remunerativa de entre 3 mil y 9 mil pesos, ya que en su momento ellos no recibieron ese adicional, qu\u00e9 si alcanz\u00f3 al resto del personal\u00bb, agreg\u00f3 Abella quien realiz\u00f3 el anuncio en el marco de una reuni\u00f3n con representantes de los talleristas de cultura y de deportes.<\/p>\n\n\n\n<p>\u00abVamos a seguir trabajando juntos para que los vecinos de Campana reciban cada d\u00eda mejores servicios y en ese marco queremos acompa\u00f1ar a los trabajadores municipales para que sus sueldos no pierdan poder adquisitivo ante la inflaci\u00f3n\u00bb, concluy\u00f3 Abella.<\/p>\n\n\n\n<p>Junto a \u00e9l acompa\u00f1aron el anuncio la jefa de Gabinete, Mariela Schvartz, los secretarios de Hacienda, Julio Olivastri, de Desarrollo Social, Cecilia Acciardi y de Comunicaci\u00f3n, Martin Seguin. <\/p>\n\n\n\n<p>Fuente: Campana Noticias<\/p>\n","protected":false},"excerpt":{"rendered":"<p>El incremento es de un 6% desde septiembre y un 4% m\u00e1s con los haberes de octubre. \u00abEstamos acompa\u00f1ando a los trabajadores municipales que no pueden esperar a las decisiones gremiales\u00bb, destac\u00f3 el jefe comunal. El intendente Sebasti\u00e1n Abella anunci\u00f3 hoy un importante aumento salarial para todos los trabajadores municipales, adelant\u00e1ndose al inicio de las [&hellip;]<\/p>\n","protected":false},"author":4,"featured_media":59537,"comment_status":"open","ping_status":"closed","sticky":false,"template":"","format":"standard","meta":{"om_disable_all_campaigns":false,"_jetpack_memberships_contains_paid_content":false,"footnotes":""},"categories":[621],"tags":[],"class_list":["post-59536","post","type-post","status-publish","format-standard","has-post-thumbnail","hentry","category-regionales"],"aioseo_notices":[],"gutentor_comment":0,"jetpack_featured_media_url":"https:\/\/eldiariodesanpedro.com.ar\/sitio\/wp-content\/uploads\/2019\/09\/20190905071152.jpg","jetpack_shortlink":"https:\/\/wp.me\/p6RhLt-fug","jetpack_sharing_enabled":true,"_links":{"self":[{"href":"https:\/\/eldiariodesanpedro.com.ar\/sitio\/wp-json\/wp\/v2\/posts\/59536","targetHints":{"allow":["GET"]}}],"collection":[{"href":"https:\/\/eldiariodesanpedro.com.ar\/sitio\/wp-json\/wp\/v2\/posts"}],"about":[{"href":"https:\/\/eldiariodesanpedro.com.ar\/sitio\/wp-json\/wp\/v2\/types\/post"}],"author":[{"embeddable":true,"href":"https:\/\/eldiariodesanpedro.com.ar\/sitio\/wp-json\/wp\/v2\/users\/4"}],"replies":[{"embeddable":true,"href":"https:\/\/eldiariodesanpedro.com.ar\/sitio\/wp-json\/wp\/v2\/comments?post=59536"}],"version-history":[{"count":1,"href":"https:\/\/eldiariodesanpedro.com.ar\/sitio\/wp-json\/wp\/v2\/posts\/59536\/revisions"}],"predecessor-version":[{"id":59538,"href":"https:\/\/eldiariodesanpedro.com.ar\/sitio\/wp-json\/wp\/v2\/posts\/59536\/revisions\/59538"}],"wp:featuredmedia":[{"embeddable":true,"href":"https:\/\/eldiariodesanpedro.com.ar\/sitio\/wp-json\/wp\/v2\/media\/59537"}],"wp:attachment":[{"href":"https:\/\/eldiariodesanpedro.com.ar\/sitio\/wp-json\/wp\/v2\/media?parent=59536"}],"wp:term":[{"taxonomy":"category","embeddable":true,"href":"https:\/\/eldiariodesanpedro.com.ar\/sitio\/wp-json\/wp\/v2\/categories?post=59536"},{"taxonomy":"post_tag","embeddable":true,"href":"https:\/\/eldiariodesanpedro.com.ar\/sitio\/wp-json\/wp\/v2\/tags?post=59536"}],"curies":[{"name":"wp","href":"https:\/\/api.w.org\/{rel}","templated":true}]}}