{"id":59535,"date":"2019-09-06T10:45:48","date_gmt":"2019-09-06T13:45:48","guid":{"rendered":"https:\/\/eldiariodesanpedro.com.ar\/sitio\/?p=59535"},"modified":"2019-09-06T10:45:53","modified_gmt":"2019-09-06T13:45:53","slug":"denuncias-por-danos-y-amenazas","status":"publish","type":"post","link":"https:\/\/eldiariodesanpedro.com.ar\/sitio\/denuncias-por-danos-y-amenazas\/","title":{"rendered":"Denuncias por da\u00f1os y amenazas"},"content":{"rendered":"<!-- VideographyWP Plugin Message: Automatic video embedding prevented by plugin options. -->\n\n<p>Por la tarde y noche de este jueves se registraron en la Dependencia local varios hechos de da\u00f1os y amenazas donde tuvo que intervenir personal policial.<\/p>\n\n\n\n<p>Alrededor de las 22 horas, se recibi\u00f3 una alerta de una vivienda de calle Magliotti al 500, donde un ciudadano de 52, manten\u00eda entre sus brazos a su hijo de 25, quien se encontraba causando da\u00f1os en la morada,, perteneciente a su t\u00edo.<\/p>\n\n\n\n<p>Fue aprehendido por los efectivos y trasladado a la comisaria local.<\/p>\n\n\n\n<p>Tambi\u00e9n  personal policial acude a otra vivienda de calle barrio Tierra Nuestra, donde su propietario constata antes de ingresar que la ventana habr\u00eda sido violentada.<\/p>\n\n\n\n<p>Los efectivos proceden a visibilizar el lugar no encontr\u00e1ndose malviviente ni el faltante de pertenencias.<\/p>\n\n\n\n<p>Por ultimo, un ciudadano de 33 denuncio a ver sido amenazado de muerte por varias personas a quienes desconoce queriendo cobrar una deuda que tambi\u00e9n desconoce.<\/p>\n\n\n\n<p>Intervino la Fiscalia N\u00ba5 en todos los hechos.<\/p>\n\n\n\n<p><br><br><\/p>\n","protected":false},"excerpt":{"rendered":"<p>Por la tarde y noche de este jueves se registraron en la Dependencia local varios hechos de da\u00f1os y amenazas donde tuvo que intervenir personal policial. Alrededor de las 22 horas, se recibi\u00f3 una alerta de una vivienda de calle Magliotti al 500, donde un ciudadano de 52, manten\u00eda entre sus brazos a su hijo [&hellip;]<\/p>\n","protected":false},"author":4,"featured_media":58374,"comment_status":"open","ping_status":"closed","sticky":false,"template":"","format":"standard","meta":{"om_disable_all_campaigns":false,"_jetpack_memberships_contains_paid_content":false,"footnotes":""},"categories":[2,103],"tags":[],"class_list":["post-59535","post","type-post","status-publish","format-standard","has-post-thumbnail","hentry","category-locales","category-policiales-locales"],"aioseo_notices":[],"gutentor_comment":0,"jetpack_featured_media_url":"https:\/\/eldiariodesanpedro.com.ar\/sitio\/wp-content\/uploads\/2019\/08\/comisaria-696x510.jpg","jetpack_shortlink":"https:\/\/wp.me\/p6RhLt-fuf","jetpack_sharing_enabled":true,"_links":{"self":[{"href":"https:\/\/eldiariodesanpedro.com.ar\/sitio\/wp-json\/wp\/v2\/posts\/59535","targetHints":{"allow":["GET"]}}],"collection":[{"href":"https:\/\/eldiariodesanpedro.com.ar\/sitio\/wp-json\/wp\/v2\/posts"}],"about":[{"href":"https:\/\/eldiariodesanpedro.com.ar\/sitio\/wp-json\/wp\/v2\/types\/post"}],"author":[{"embeddable":true,"href":"https:\/\/eldiariodesanpedro.com.ar\/sitio\/wp-json\/wp\/v2\/users\/4"}],"replies":[{"embeddable":true,"href":"https:\/\/eldiariodesanpedro.com.ar\/sitio\/wp-json\/wp\/v2\/comments?post=59535"}],"version-history":[{"count":1,"href":"https:\/\/eldiariodesanpedro.com.ar\/sitio\/wp-json\/wp\/v2\/posts\/59535\/revisions"}],"predecessor-version":[{"id":59540,"href":"https:\/\/eldiariodesanpedro.com.ar\/sitio\/wp-json\/wp\/v2\/posts\/59535\/revisions\/59540"}],"wp:featuredmedia":[{"embeddable":true,"href":"https:\/\/eldiariodesanpedro.com.ar\/sitio\/wp-json\/wp\/v2\/media\/58374"}],"wp:attachment":[{"href":"https:\/\/eldiariodesanpedro.com.ar\/sitio\/wp-json\/wp\/v2\/media?parent=59535"}],"wp:term":[{"taxonomy":"category","embeddable":true,"href":"https:\/\/eldiariodesanpedro.com.ar\/sitio\/wp-json\/wp\/v2\/categories?post=59535"},{"taxonomy":"post_tag","embeddable":true,"href":"https:\/\/eldiariodesanpedro.com.ar\/sitio\/wp-json\/wp\/v2\/tags?post=59535"}],"curies":[{"name":"wp","href":"https:\/\/api.w.org\/{rel}","templated":true}]}}