{"id":59531,"date":"2019-09-06T10:16:44","date_gmt":"2019-09-06T13:16:44","guid":{"rendered":"https:\/\/eldiariodesanpedro.com.ar\/sitio\/?p=59531"},"modified":"2019-09-06T10:16:45","modified_gmt":"2019-09-06T13:16:45","slug":"campana-parque-urbano-detienen-a-presunto-abusador-de-una-menor-de-6-anos","status":"publish","type":"post","link":"https:\/\/eldiariodesanpedro.com.ar\/sitio\/campana-parque-urbano-detienen-a-presunto-abusador-de-una-menor-de-6-anos\/","title":{"rendered":"CAMPANA | Parque Urbano: Detienen a presunto abusador de una menor de 6 a\u00f1os"},"content":{"rendered":"<!-- VideographyWP Plugin Message: Automatic video embedding prevented by plugin options. -->\n\n<p> La mam\u00e1 de la nena habr\u00eda encontrado a su pareja (no ser\u00eda el padre biol\u00f3gico) abusando de la criatura. Lo enfrent\u00f3 y atac\u00f3 a cuchillazos. El sujete escap\u00f3, pero el accionar coordinado entre las Fuerzas de Seguridad y CIMoPU permitieron aprehenderlo en el Parque Urbano. <\/p>\n\n\n\n<p>\n\nEl r\u00e1pido accionar del personal del CIMoPU (mediante la utilizaci\u00f3n de las c\u00e1maras de seguridad) permiti\u00f3 que integrantes del Comando Patrulla zonas 5 y 7 aprehendieran a un sujeto que habr\u00eda abusado de la hija (menor de 6 a\u00f1os) de su actual pareja.<\/p>\n\n\n\n<p>Seg\u00fan trascendiera de manera extraoficial, porque las actuaciones del caso se llevan mediante la intervenci\u00f3n de la UFI N\u00b0 3 a cargo de la Dra. Day Arenas, habr\u00eda ocurrido en las \u00faltimas horas en el Barrio Las Acacias.<\/p>\n\n\n\n<p>La madre de la criatura sali\u00f3 a acompa\u00f1ar a una amiga hasta su domicilio (a unas 4 o 5 cuadras del lugar) y es que al volver habr\u00eda encontrado a su pareja (no ser\u00eda el padre biol\u00f3gico de la nena), abusando de ella.<\/p>\n\n\n\n<p>Aparentemente, la madre de la nena le habr\u00eda aplicado dos cuchilladas al agresor a los efectos de que deponga su malvada intenci\u00f3n haci\u00e9ndolo huir utilizando una bicicleta.<\/p>\n\n\n\n<p>Alertada de la situaci\u00f3n la Polic\u00eda, es all\u00ed donde coordinadamente con las distintas fuerzas se inici\u00f3 un operativo de b\u00fasqueda que culmin\u00f3 con la aprehensi\u00f3n del individuo en cercan\u00edas del Parque Urbano.<\/p>\n\n\n\n<p>De acuerdo con las versiones extraoficiales, se habr\u00edan comprobado las heridas de arma blanca anteriormente mencionadas por la madre. Analiz\u00e1ndose la posibilidad de que el hombre haya estado influenciado por el consumo de alg\u00fan tipo de estupefaciente.<\/p>\n\n\n\n<p>Hacia la Comisar\u00eda de la Mujer, las fuerzas de seguridad trasladaron a la mam\u00e1 y su nena para la realizaci\u00f3n de las primeras actuaciones del caso y la radicaci\u00f3n de la correspondiente denuncia. <\/p>\n\n\n\n<p>Fuente: Campana Noticias<\/p>\n","protected":false},"excerpt":{"rendered":"<p>La mam\u00e1 de la nena habr\u00eda encontrado a su pareja (no ser\u00eda el padre biol\u00f3gico) abusando de la criatura. Lo enfrent\u00f3 y atac\u00f3 a cuchillazos. El sujete escap\u00f3, pero el accionar coordinado entre las Fuerzas de Seguridad y CIMoPU permitieron aprehenderlo en el Parque Urbano. El r\u00e1pido accionar del personal del CIMoPU (mediante la utilizaci\u00f3n [&hellip;]<\/p>\n","protected":false},"author":4,"featured_media":59533,"comment_status":"open","ping_status":"closed","sticky":false,"template":"","format":"standard","meta":{"om_disable_all_campaigns":false,"_jetpack_memberships_contains_paid_content":false,"footnotes":""},"categories":[621],"tags":[],"class_list":["post-59531","post","type-post","status-publish","format-standard","has-post-thumbnail","hentry","category-regionales"],"aioseo_notices":[],"gutentor_comment":0,"jetpack_featured_media_url":"https:\/\/eldiariodesanpedro.com.ar\/sitio\/wp-content\/uploads\/2019\/09\/20190906092329.jpg","jetpack_shortlink":"https:\/\/wp.me\/p6RhLt-fub","jetpack_sharing_enabled":true,"_links":{"self":[{"href":"https:\/\/eldiariodesanpedro.com.ar\/sitio\/wp-json\/wp\/v2\/posts\/59531","targetHints":{"allow":["GET"]}}],"collection":[{"href":"https:\/\/eldiariodesanpedro.com.ar\/sitio\/wp-json\/wp\/v2\/posts"}],"about":[{"href":"https:\/\/eldiariodesanpedro.com.ar\/sitio\/wp-json\/wp\/v2\/types\/post"}],"author":[{"embeddable":true,"href":"https:\/\/eldiariodesanpedro.com.ar\/sitio\/wp-json\/wp\/v2\/users\/4"}],"replies":[{"embeddable":true,"href":"https:\/\/eldiariodesanpedro.com.ar\/sitio\/wp-json\/wp\/v2\/comments?post=59531"}],"version-history":[{"count":1,"href":"https:\/\/eldiariodesanpedro.com.ar\/sitio\/wp-json\/wp\/v2\/posts\/59531\/revisions"}],"predecessor-version":[{"id":59534,"href":"https:\/\/eldiariodesanpedro.com.ar\/sitio\/wp-json\/wp\/v2\/posts\/59531\/revisions\/59534"}],"wp:featuredmedia":[{"embeddable":true,"href":"https:\/\/eldiariodesanpedro.com.ar\/sitio\/wp-json\/wp\/v2\/media\/59533"}],"wp:attachment":[{"href":"https:\/\/eldiariodesanpedro.com.ar\/sitio\/wp-json\/wp\/v2\/media?parent=59531"}],"wp:term":[{"taxonomy":"category","embeddable":true,"href":"https:\/\/eldiariodesanpedro.com.ar\/sitio\/wp-json\/wp\/v2\/categories?post=59531"},{"taxonomy":"post_tag","embeddable":true,"href":"https:\/\/eldiariodesanpedro.com.ar\/sitio\/wp-json\/wp\/v2\/tags?post=59531"}],"curies":[{"name":"wp","href":"https:\/\/api.w.org\/{rel}","templated":true}]}}