{"id":59528,"date":"2019-09-06T10:13:00","date_gmt":"2019-09-06T13:13:00","guid":{"rendered":"https:\/\/eldiariodesanpedro.com.ar\/sitio\/?p=59528"},"modified":"2019-09-06T10:13:04","modified_gmt":"2019-09-06T13:13:04","slug":"en-septiembre-la-promocion-al-50-del-banco-provincia-en-supermercados-sera-los-miercoles-18-y-25","status":"publish","type":"post","link":"https:\/\/eldiariodesanpedro.com.ar\/sitio\/en-septiembre-la-promocion-al-50-del-banco-provincia-en-supermercados-sera-los-miercoles-18-y-25\/","title":{"rendered":"En septiembre, la promoci\u00f3n al 50% del Banco Provincia en supermercados ser\u00e1 los mi\u00e9rcoles 18 y 25"},"content":{"rendered":"<!-- VideographyWP Plugin Message: Automatic video embedding prevented by plugin options. -->\n\n<p><strong>La promoci\u00f3n \u201cSuper Ahorro\u201d del Banco Provincia volver\u00e1 a aplicarse durante dos mi\u00e9rcoles consecutivos del mes. Ser\u00e1 el 18 y 25 de septiembre. Los descuentos al 50% mantendr\u00e1n el tope de reintegro unificado de dos mil pesos.<\/strong><\/p>\n\n\n\n<p>Aunque el Banco Provincia oficializa la promoci\u00f3n s\u00f3lo un par de d\u00edas antes de su fecha de aplicaci\u00f3n, el \u201cSuper Ahorro\u201d<strong>&nbsp;permanecer\u00e1 al menos hasta octubre<\/strong>, mes en el que se realizar\u00e1n las elecciones generales.<\/p>\n\n\n\n<p>La promoci\u00f3n siempre se aplica el tercer y cuarto mi\u00e9rcoles de cada mes, en este caso los dos \u00faltimos. El tope de 2 mil pesos es unificado entre ambos d\u00edas.<\/p>\n\n\n\n<p>Aunque&nbsp;<strong>se presum\u00eda que el gobierno provincial elevar\u00eda el tope de reintegro<\/strong>&nbsp;como parte de un paquete de medidas de contenci\u00f3n luego de la \u00faltima devaluaci\u00f3n,<strong>&nbsp;estos anuncios debieron postergarse ante la ca\u00edda de fondos coparticipables<\/strong>&nbsp;por alrededor de 6 mil millones de pesos que provocaron las medidas de \u201calivio\u201d del gobierno nacional, entre las que se destaca la quita del IVA en alimentos.<\/p>\n\n\n\n<p>La promoci\u00f3n del Banco Provincia&nbsp;<strong>provoca una concentraci\u00f3n de ventas durante los d\u00edas de su aplicaci\u00f3<\/strong>n. Sus clientes, en su mayor\u00eda trabajadores estatales, planifican su mayor compra mensual para esos d\u00edas.<\/p>\n","protected":false},"excerpt":{"rendered":"<p>La promoci\u00f3n \u201cSuper Ahorro\u201d del Banco Provincia volver\u00e1 a aplicarse durante dos mi\u00e9rcoles consecutivos del mes. Ser\u00e1 el 18 y 25 de septiembre. Los descuentos al 50% mantendr\u00e1n el tope de reintegro unificado de dos mil pesos. Aunque el Banco Provincia oficializa la promoci\u00f3n s\u00f3lo un par de d\u00edas antes de su fecha de aplicaci\u00f3n, [&hellip;]<\/p>\n","protected":false},"author":4,"featured_media":59529,"comment_status":"open","ping_status":"closed","sticky":false,"template":"","format":"standard","meta":{"om_disable_all_campaigns":false,"_jetpack_memberships_contains_paid_content":false,"footnotes":""},"categories":[621],"tags":[],"class_list":["post-59528","post","type-post","status-publish","format-standard","has-post-thumbnail","hentry","category-regionales"],"aioseo_notices":[],"gutentor_comment":0,"jetpack_featured_media_url":"https:\/\/eldiariodesanpedro.com.ar\/sitio\/wp-content\/uploads\/2019\/09\/descuento-banco-provincia.jpg","jetpack_shortlink":"https:\/\/wp.me\/p6RhLt-fu8","jetpack_sharing_enabled":true,"_links":{"self":[{"href":"https:\/\/eldiariodesanpedro.com.ar\/sitio\/wp-json\/wp\/v2\/posts\/59528","targetHints":{"allow":["GET"]}}],"collection":[{"href":"https:\/\/eldiariodesanpedro.com.ar\/sitio\/wp-json\/wp\/v2\/posts"}],"about":[{"href":"https:\/\/eldiariodesanpedro.com.ar\/sitio\/wp-json\/wp\/v2\/types\/post"}],"author":[{"embeddable":true,"href":"https:\/\/eldiariodesanpedro.com.ar\/sitio\/wp-json\/wp\/v2\/users\/4"}],"replies":[{"embeddable":true,"href":"https:\/\/eldiariodesanpedro.com.ar\/sitio\/wp-json\/wp\/v2\/comments?post=59528"}],"version-history":[{"count":1,"href":"https:\/\/eldiariodesanpedro.com.ar\/sitio\/wp-json\/wp\/v2\/posts\/59528\/revisions"}],"predecessor-version":[{"id":59530,"href":"https:\/\/eldiariodesanpedro.com.ar\/sitio\/wp-json\/wp\/v2\/posts\/59528\/revisions\/59530"}],"wp:featuredmedia":[{"embeddable":true,"href":"https:\/\/eldiariodesanpedro.com.ar\/sitio\/wp-json\/wp\/v2\/media\/59529"}],"wp:attachment":[{"href":"https:\/\/eldiariodesanpedro.com.ar\/sitio\/wp-json\/wp\/v2\/media?parent=59528"}],"wp:term":[{"taxonomy":"category","embeddable":true,"href":"https:\/\/eldiariodesanpedro.com.ar\/sitio\/wp-json\/wp\/v2\/categories?post=59528"},{"taxonomy":"post_tag","embeddable":true,"href":"https:\/\/eldiariodesanpedro.com.ar\/sitio\/wp-json\/wp\/v2\/tags?post=59528"}],"curies":[{"name":"wp","href":"https:\/\/api.w.org\/{rel}","templated":true}]}}