{"id":59524,"date":"2019-09-06T10:07:58","date_gmt":"2019-09-06T13:07:58","guid":{"rendered":"https:\/\/eldiariodesanpedro.com.ar\/sitio\/?p=59524"},"modified":"2019-09-06T10:08:02","modified_gmt":"2019-09-06T13:08:02","slug":"campana-nuevos-vehiculos-para-la-carcel","status":"publish","type":"post","link":"https:\/\/eldiariodesanpedro.com.ar\/sitio\/campana-nuevos-vehiculos-para-la-carcel\/","title":{"rendered":"CAMPANA | Nuevos veh\u00edculos para la C\u00e1rcel"},"content":{"rendered":"<!-- VideographyWP Plugin Message: Automatic video embedding prevented by plugin options. -->\n\n<p><strong>El Subsecretario de Polic\u00eda Penitenciaria, Mat\u00edas Quiero, realiz\u00f3 la entrega de nuevos veh\u00edculos a dependencias del Servicio Penitenciario Bonaerense, entre las que se encuentra la Alcaid\u00eda de nuestra ciudad. Los m\u00f3viles se utilizar\u00e1n tanto para el traslado de detenidos, como para la asistencia y tratamiento de la poblaci\u00f3n carcelaria.<\/strong><\/p>\n\n\n\n<p>En una ceremonia llevada a cabo por el subsecretario Quiero, en conjunto con el jefe del SPB, Xavier Areses, se hizo entrega de cuatro ambulancias, seis m\u00f3viles de operaci\u00f3n y traslado, y un cami\u00f3n de abastecimiento alimentario, destinados a varios complejos penitenciarios entre los que se encuentra la Ciudad de Campana (en conjunto con otras dependecias como por ejemplo Florencio Varela, Olmos, y Jos\u00e9 C. Paz).<\/p>\n\n\n\n<p>Respecto a este tema, Areses expres\u00f3: \u201cEn el curso de la gesti\u00f3n hemos podido llevar adelante la adquisici\u00f3n de m\u00e1s de 190 veh\u00edculos dotando a todas las Unidades de camionetas. Tambi\u00e9n hemos hecho una inversi\u00f3n importante en materia de ambulancias, llegando a contar con m\u00e1s de cuarenta. Por otro lado, se ha redise\u00f1ado y redefinido sustancialmente el \u00e1rea de combustible y de apoyo log\u00edstico, colocando dispositivos de GPS en m\u00e1s de 300 veh\u00edculos\u201d.<\/p>\n\n\n\n<p>Adem\u00e1s, agradeci\u00f3 al Ministro de Justicia de la Provincia, Gustavo Ferrari, y a la gobernadora Mar\u00eda Eugenia Vidal, por la provisi\u00f3n del nuevo equipamiento y agreg\u00f3: \u201cEs un aporte importante que implica que nosotros, como equipo de trabajo, seamos muy celosos en el cuidado del material provisto por el estado que se adquiere con los aportes de los contribuyentes. Debemos ser meticulosos, celosos y hasta obsesivos en el cuidado de los veh\u00edculos, ya que nos tienen que durar mucho tiempo porque nos facilitar\u00e1n el cumplimiento de la misi\u00f3n\u201d.<\/p>\n\n\n\n<p><strong>Fuente:&nbsp;<\/strong>Noticias Z\u00e1rate Alerta<\/p>\n","protected":false},"excerpt":{"rendered":"<p>El Subsecretario de Polic\u00eda Penitenciaria, Mat\u00edas Quiero, realiz\u00f3 la entrega de nuevos veh\u00edculos a dependencias del Servicio Penitenciario Bonaerense, entre las que se encuentra la Alcaid\u00eda de nuestra ciudad. Los m\u00f3viles se utilizar\u00e1n tanto para el traslado de detenidos, como para la asistencia y tratamiento de la poblaci\u00f3n carcelaria. En una ceremonia llevada a cabo [&hellip;]<\/p>\n","protected":false},"author":4,"featured_media":59525,"comment_status":"open","ping_status":"closed","sticky":false,"template":"","format":"standard","meta":{"om_disable_all_campaigns":false,"_jetpack_memberships_contains_paid_content":false,"footnotes":""},"categories":[621],"tags":[],"class_list":["post-59524","post","type-post","status-publish","format-standard","has-post-thumbnail","hentry","category-regionales"],"aioseo_notices":[],"gutentor_comment":0,"jetpack_featured_media_url":"https:\/\/eldiariodesanpedro.com.ar\/sitio\/wp-content\/uploads\/2019\/09\/nuevos-vehiculos-carcel-de-campana.jpg","jetpack_shortlink":"https:\/\/wp.me\/p6RhLt-fu4","jetpack_sharing_enabled":true,"_links":{"self":[{"href":"https:\/\/eldiariodesanpedro.com.ar\/sitio\/wp-json\/wp\/v2\/posts\/59524","targetHints":{"allow":["GET"]}}],"collection":[{"href":"https:\/\/eldiariodesanpedro.com.ar\/sitio\/wp-json\/wp\/v2\/posts"}],"about":[{"href":"https:\/\/eldiariodesanpedro.com.ar\/sitio\/wp-json\/wp\/v2\/types\/post"}],"author":[{"embeddable":true,"href":"https:\/\/eldiariodesanpedro.com.ar\/sitio\/wp-json\/wp\/v2\/users\/4"}],"replies":[{"embeddable":true,"href":"https:\/\/eldiariodesanpedro.com.ar\/sitio\/wp-json\/wp\/v2\/comments?post=59524"}],"version-history":[{"count":1,"href":"https:\/\/eldiariodesanpedro.com.ar\/sitio\/wp-json\/wp\/v2\/posts\/59524\/revisions"}],"predecessor-version":[{"id":59526,"href":"https:\/\/eldiariodesanpedro.com.ar\/sitio\/wp-json\/wp\/v2\/posts\/59524\/revisions\/59526"}],"wp:featuredmedia":[{"embeddable":true,"href":"https:\/\/eldiariodesanpedro.com.ar\/sitio\/wp-json\/wp\/v2\/media\/59525"}],"wp:attachment":[{"href":"https:\/\/eldiariodesanpedro.com.ar\/sitio\/wp-json\/wp\/v2\/media?parent=59524"}],"wp:term":[{"taxonomy":"category","embeddable":true,"href":"https:\/\/eldiariodesanpedro.com.ar\/sitio\/wp-json\/wp\/v2\/categories?post=59524"},{"taxonomy":"post_tag","embeddable":true,"href":"https:\/\/eldiariodesanpedro.com.ar\/sitio\/wp-json\/wp\/v2\/tags?post=59524"}],"curies":[{"name":"wp","href":"https:\/\/api.w.org\/{rel}","templated":true}]}}