{"id":59518,"date":"2019-09-06T10:03:34","date_gmt":"2019-09-06T13:03:34","guid":{"rendered":"https:\/\/eldiariodesanpedro.com.ar\/sitio\/?p=59518"},"modified":"2019-09-06T10:03:38","modified_gmt":"2019-09-06T13:03:38","slug":"san-nicolas-robaron-y-se-llevaron-recuerdos-de-su-hija-fallecida","status":"publish","type":"post","link":"https:\/\/eldiariodesanpedro.com.ar\/sitio\/san-nicolas-robaron-y-se-llevaron-recuerdos-de-su-hija-fallecida\/","title":{"rendered":"SAN NICOL\u00c1S | Robaron y se llevaron recuerdos de su hija fallecida"},"content":{"rendered":"<!-- VideographyWP Plugin Message: Automatic video embedding prevented by plugin options. -->\n\n<p>\n\nLadrones ingresaron a la vivienda de barrio Don Am\u00e9rico y se llevaron dos televisores y un tel\u00e9fono celular con fotos y recuerdos de Sol Rodr\u00edguez quien falleci\u00f3 en agosto del a\u00f1o pasado. Su mam\u00e1, Betiana, pide ayuda para recuperarlo.<\/p>\n\n\n\n<p>Durante la tarde del jueves, mientras Betiana Schmunck se encontraba trabajando, sujetos ignorados ingresaron a su vivienda de calle Garibaldi al 1200. Al regresar se encontraron con la casa toda revuelta.<\/p>\n\n\n\n<p>Los ladrones forzaron la puerta de ingreso y se llevaron dos televisores y recuerdos de Sol. Su mam\u00e1 solicita colaboraci\u00f3n a quien pueda aportar informaci\u00f3n para recuperar un tel\u00e9fono celular, Samsung Galaxy S8, donde sus padres y hermana guardaban con fotos y recuerdos. <\/p>\n\n\n\n<p>Fuente Diario El Informante<\/p>\n","protected":false},"excerpt":{"rendered":"<p>Ladrones ingresaron a la vivienda de barrio Don Am\u00e9rico y se llevaron dos televisores y un tel\u00e9fono celular con fotos y recuerdos de Sol Rodr\u00edguez quien falleci\u00f3 en agosto del a\u00f1o pasado. Su mam\u00e1, Betiana, pide ayuda para recuperarlo. Durante la tarde del jueves, mientras Betiana Schmunck se encontraba trabajando, sujetos ignorados ingresaron a su [&hellip;]<\/p>\n","protected":false},"author":4,"featured_media":59519,"comment_status":"open","ping_status":"closed","sticky":false,"template":"","format":"standard","meta":{"om_disable_all_campaigns":false,"_jetpack_memberships_contains_paid_content":false,"footnotes":""},"categories":[621],"tags":[],"class_list":["post-59518","post","type-post","status-publish","format-standard","has-post-thumbnail","hentry","category-regionales"],"aioseo_notices":[],"gutentor_comment":0,"jetpack_featured_media_url":"https:\/\/eldiariodesanpedro.com.ar\/sitio\/wp-content\/uploads\/2019\/09\/no_576kvj5v1xmomqppolis.jpg","jetpack_shortlink":"https:\/\/wp.me\/p6RhLt-ftY","jetpack_sharing_enabled":true,"_links":{"self":[{"href":"https:\/\/eldiariodesanpedro.com.ar\/sitio\/wp-json\/wp\/v2\/posts\/59518","targetHints":{"allow":["GET"]}}],"collection":[{"href":"https:\/\/eldiariodesanpedro.com.ar\/sitio\/wp-json\/wp\/v2\/posts"}],"about":[{"href":"https:\/\/eldiariodesanpedro.com.ar\/sitio\/wp-json\/wp\/v2\/types\/post"}],"author":[{"embeddable":true,"href":"https:\/\/eldiariodesanpedro.com.ar\/sitio\/wp-json\/wp\/v2\/users\/4"}],"replies":[{"embeddable":true,"href":"https:\/\/eldiariodesanpedro.com.ar\/sitio\/wp-json\/wp\/v2\/comments?post=59518"}],"version-history":[{"count":1,"href":"https:\/\/eldiariodesanpedro.com.ar\/sitio\/wp-json\/wp\/v2\/posts\/59518\/revisions"}],"predecessor-version":[{"id":59520,"href":"https:\/\/eldiariodesanpedro.com.ar\/sitio\/wp-json\/wp\/v2\/posts\/59518\/revisions\/59520"}],"wp:featuredmedia":[{"embeddable":true,"href":"https:\/\/eldiariodesanpedro.com.ar\/sitio\/wp-json\/wp\/v2\/media\/59519"}],"wp:attachment":[{"href":"https:\/\/eldiariodesanpedro.com.ar\/sitio\/wp-json\/wp\/v2\/media?parent=59518"}],"wp:term":[{"taxonomy":"category","embeddable":true,"href":"https:\/\/eldiariodesanpedro.com.ar\/sitio\/wp-json\/wp\/v2\/categories?post=59518"},{"taxonomy":"post_tag","embeddable":true,"href":"https:\/\/eldiariodesanpedro.com.ar\/sitio\/wp-json\/wp\/v2\/tags?post=59518"}],"curies":[{"name":"wp","href":"https:\/\/api.w.org\/{rel}","templated":true}]}}