{"id":59514,"date":"2019-09-06T10:14:49","date_gmt":"2019-09-06T13:14:49","guid":{"rendered":"https:\/\/eldiariodesanpedro.com.ar\/sitio\/?p=59514"},"modified":"2019-09-06T10:14:54","modified_gmt":"2019-09-06T13:14:54","slug":"detuvieron-a-peligroso-delincuente-que-estaba-siendo-buscado-por-la-division-de-profugos-peligrosos-federal","status":"publish","type":"post","link":"https:\/\/eldiariodesanpedro.com.ar\/sitio\/detuvieron-a-peligroso-delincuente-que-estaba-siendo-buscado-por-la-division-de-profugos-peligrosos-federal\/","title":{"rendered":"Detuvieron a peligroso delincuente que estaba siendo buscado por la Divisi\u00f3n de Pr\u00f3fugos Peligrosos Federal"},"content":{"rendered":"<!-- VideographyWP Plugin Message: Automatic video embedding prevented by plugin options. -->\n\n<p>Fue detenido por personal del Gabinete Criminologico de comisaria en conjunto con personal de Destacamento Rio Tala, \u00abse trasladaba en un micro de larga distancia\u00bb, dijo el Comisario Andres Galiano.  El delincuente de 20 a\u00f1os era intensamente buscado por el delito de robo calificado y abuso de arma de fuego en banda. Fue trasladado a la unidad penal N\u00ba28 del Servicio Penitenciario Federal.<\/p>\n\n\n\n<p>Por la tarde del jueves tras intensas tareas investigas se logro detener sobre Ruta 9 al km 154 a un peligroso delincuente que estaba siendo intensamente buscado  por la Divisi\u00f3n de Pr\u00f3fugos Peligrosos de la Policial Federal a requerimiento del  Juzgado Nacional de Menores de CAP. Federal.  <\/p>\n\n\n\n<p>En el operativo montado sobre la Ruta Nacional 9, km 154, trabajo personal del Gabinete Criminologico local en conjunto con personal policial de la localidad vecina de Rio Tala, quienes procedieron a la detenci\u00f3n del joven peligroso de 20 a\u00f1os de edad.<\/p>\n\n\n\n<p>Dialogamos con el comisario de nuestra ciudad, Andres Galiano quien nos brindo detalles de la detenci\u00f3n,\u00bb ten\u00edamos la informaci\u00f3n e que se encontrar\u00eda arriba de un micro de larga distancia, en amplio operativo sobre la ruta se controlaron varios, hasta que efectivamente se lo encontr\u00f3 en uno y fue detenido r\u00e1pidamente\u00bb<\/p>\n\n\n\n<p>\u00abTiene una causa por robo agravado con tenencia de arma de fuego en banda, del a\u00f1o 2018, pero el pedido de detenci\u00f3n es del mes de abril de este a\u00f1o, el mismo estaba siendo intensamente buscado por la Divisi\u00f3n de Pr\u00f3fugos Peligrosos de la Policial Federal quien nos alerto de que pasar\u00eda por nuestra ciudad\u00bb. <\/p>\n\n\n\n<p>Fue trasladado primeramente a la comisaria local, y en horas de la tarde noche se derivo a una dependencia policial de Tigre para de inmediato ser nuevamente trasladado a la Unidad N\u00ba28 del Servicio Penitenciario Federal.<\/p>\n\n\n\n<figure class=\"wp-block-image\"><img decoding=\"async\" width=\"770\" height=\"698\" data-attachment-id=\"59515\" data-permalink=\"https:\/\/eldiariodesanpedro.com.ar\/sitio\/img-20190906-wa0006\/\" data-orig-file=\"https:\/\/eldiariodesanpedro.com.ar\/sitio\/wp-content\/uploads\/2019\/09\/IMG-20190906-WA0006.jpg\" data-orig-size=\"770,698\" data-comments-opened=\"1\" data-image-meta=\"{&quot;aperture&quot;:&quot;0&quot;,&quot;credit&quot;:&quot;&quot;,&quot;camera&quot;:&quot;&quot;,&quot;caption&quot;:&quot;&quot;,&quot;created_timestamp&quot;:&quot;0&quot;,&quot;copyright&quot;:&quot;&quot;,&quot;focal_length&quot;:&quot;0&quot;,&quot;iso&quot;:&quot;0&quot;,&quot;shutter_speed&quot;:&quot;0&quot;,&quot;title&quot;:&quot;&quot;,&quot;orientation&quot;:&quot;0&quot;}\" data-image-title=\"IMG-20190906-WA0006\" data-image-description=\"\" data-image-caption=\"\" data-large-file=\"https:\/\/eldiariodesanpedro.com.ar\/sitio\/wp-content\/uploads\/2019\/09\/IMG-20190906-WA0006.jpg\" data-src=\"https:\/\/eldiariodesanpedro.com.ar\/sitio\/wp-content\/uploads\/2019\/09\/IMG-20190906-WA0006.jpg\" alt=\"\" class=\"wp-image-59515 lazyload\" data-srcset=\"https:\/\/eldiariodesanpedro.com.ar\/sitio\/wp-content\/uploads\/2019\/09\/IMG-20190906-WA0006.jpg 770w, https:\/\/eldiariodesanpedro.com.ar\/sitio\/wp-content\/uploads\/2019\/09\/IMG-20190906-WA0006-300x272.jpg 300w, https:\/\/eldiariodesanpedro.com.ar\/sitio\/wp-content\/uploads\/2019\/09\/IMG-20190906-WA0006-768x696.jpg 768w\" data-sizes=\"(max-width: 770px) 100vw, 770px\" src=\"data:image\/svg+xml;base64,PHN2ZyB3aWR0aD0iMSIgaGVpZ2h0PSIxIiB4bWxucz0iaHR0cDovL3d3dy53My5vcmcvMjAwMC9zdmciPjwvc3ZnPg==\" style=\"--smush-placeholder-width: 770px; --smush-placeholder-aspect-ratio: 770\/698;\" \/><\/figure>\n","protected":false},"excerpt":{"rendered":"<p>Fue detenido por personal del Gabinete Criminologico de comisaria en conjunto con personal de Destacamento Rio Tala, \u00abse trasladaba en un micro de larga distancia\u00bb, dijo el Comisario Andres Galiano. El delincuente de 20 a\u00f1os era intensamente buscado por el delito de robo calificado y abuso de arma de fuego en banda. Fue trasladado a [&hellip;]<\/p>\n","protected":false},"author":4,"featured_media":59515,"comment_status":"open","ping_status":"closed","sticky":false,"template":"","format":"standard","meta":{"om_disable_all_campaigns":false,"_jetpack_memberships_contains_paid_content":false,"footnotes":""},"categories":[50,2,103],"tags":[],"class_list":["post-59514","post","type-post","status-publish","format-standard","has-post-thumbnail","hentry","category-destacadas","category-locales","category-policiales-locales"],"aioseo_notices":[],"gutentor_comment":0,"jetpack_featured_media_url":"https:\/\/eldiariodesanpedro.com.ar\/sitio\/wp-content\/uploads\/2019\/09\/IMG-20190906-WA0006.jpg","jetpack_shortlink":"https:\/\/wp.me\/p6RhLt-ftU","jetpack_sharing_enabled":true,"_links":{"self":[{"href":"https:\/\/eldiariodesanpedro.com.ar\/sitio\/wp-json\/wp\/v2\/posts\/59514","targetHints":{"allow":["GET"]}}],"collection":[{"href":"https:\/\/eldiariodesanpedro.com.ar\/sitio\/wp-json\/wp\/v2\/posts"}],"about":[{"href":"https:\/\/eldiariodesanpedro.com.ar\/sitio\/wp-json\/wp\/v2\/types\/post"}],"author":[{"embeddable":true,"href":"https:\/\/eldiariodesanpedro.com.ar\/sitio\/wp-json\/wp\/v2\/users\/4"}],"replies":[{"embeddable":true,"href":"https:\/\/eldiariodesanpedro.com.ar\/sitio\/wp-json\/wp\/v2\/comments?post=59514"}],"version-history":[{"count":1,"href":"https:\/\/eldiariodesanpedro.com.ar\/sitio\/wp-json\/wp\/v2\/posts\/59514\/revisions"}],"predecessor-version":[{"id":59532,"href":"https:\/\/eldiariodesanpedro.com.ar\/sitio\/wp-json\/wp\/v2\/posts\/59514\/revisions\/59532"}],"wp:featuredmedia":[{"embeddable":true,"href":"https:\/\/eldiariodesanpedro.com.ar\/sitio\/wp-json\/wp\/v2\/media\/59515"}],"wp:attachment":[{"href":"https:\/\/eldiariodesanpedro.com.ar\/sitio\/wp-json\/wp\/v2\/media?parent=59514"}],"wp:term":[{"taxonomy":"category","embeddable":true,"href":"https:\/\/eldiariodesanpedro.com.ar\/sitio\/wp-json\/wp\/v2\/categories?post=59514"},{"taxonomy":"post_tag","embeddable":true,"href":"https:\/\/eldiariodesanpedro.com.ar\/sitio\/wp-json\/wp\/v2\/tags?post=59514"}],"curies":[{"name":"wp","href":"https:\/\/api.w.org\/{rel}","templated":true}]}}