{"id":59513,"date":"2019-09-06T10:02:06","date_gmt":"2019-09-06T13:02:06","guid":{"rendered":"https:\/\/eldiariodesanpedro.com.ar\/sitio\/?p=59513"},"modified":"2019-09-06T10:02:11","modified_gmt":"2019-09-06T13:02:11","slug":"san-nicolas-interno-de-la-up3-con-salidas-transitorias-acusado-de-acoso","status":"publish","type":"post","link":"https:\/\/eldiariodesanpedro.com.ar\/sitio\/san-nicolas-interno-de-la-up3-con-salidas-transitorias-acusado-de-acoso\/","title":{"rendered":"SAN NICOL\u00c1S | Interno de la UP3 con salidas transitorias acusado de acoso"},"content":{"rendered":"<!-- VideographyWP Plugin Message: Automatic video embedding prevented by plugin options. -->\n\n<p>\n\nEste jueves se realiz\u00f3 una requisa en la Unidad Penal 3 San Nicol\u00e1s en el marco de una causa por acoso que investigan Prefectura Naval Argentina delegaci\u00f3n San Nicol\u00e1s y la UFI 1 a cargo del Dr. Patricio Mugica D\u00edaz.<\/p>\n\n\n\n<p>La investigaci\u00f3n se inici\u00f3 en enero de este a\u00f1o tras la denuncia realizada por una mujer de la localidad de Gral. Rojo en la que daba cuenta que recib\u00eda reiterados llamados obscenos.<\/p>\n\n\n\n<p>Tras las tareas de la Secretar\u00eda e Instructores Judiciales de la UFI 1 se localiz\u00f3 el n\u00famero telef\u00f3nico desde el cual proven\u00edan las llamadas el cual era utilizado por un interno del Penal de San Nicol\u00e1s. Se trata de un sujeto que posee antecedentes penales por delitos contra la integridad sexual y delitos contra la propiedad.<\/p>\n\n\n\n<p>Ante la peligrosidad y la complejidad del caso se realizaron consultas a otras Fiscal\u00edas que confirmaron que exist\u00edan cantidad de casos similares al investigado. En todos los casos las v\u00edctimas son mujeres. Todas ellas padecieron acoso recibiendo llamados obscenos, los cuales se efectuaron en diferentes momentos.<\/p>\n\n\n\n<p>En este contexto, se requiri\u00f3 la colaboraci\u00f3n de las dem\u00e1s Fiscal\u00edas y se acumularon todas las causas dentro de la que investiga la UFI 1. Como consecuencia, este jueves se realiz\u00f3 un allanamiento en la Unidad Penal 3 donde se secuestr\u00f3 un tel\u00e9fono celular que fue entregado por el Servicio Penitenciario. Se presume que es el medio que utilizaba el acusado para amedrentar a la v\u00edctimas.<\/p>\n\n\n\n<p>El sujeto investigado, que purga una condena por delitos de violaci\u00f3n y abuso sexual con acceso carnal, goza de salidas transitorias. Hab\u00eda sido condenado en los a\u00f1os 90, luego recuper\u00f3 a libertad y despu\u00e9s recibi\u00f3 una nueva condena que vence en 2020. <\/p>\n\n\n\n<p>Fuente: Diario El Informante<\/p>\n","protected":false},"excerpt":{"rendered":"<p>Este jueves se realiz\u00f3 una requisa en la Unidad Penal 3 San Nicol\u00e1s en el marco de una causa por acoso que investigan Prefectura Naval Argentina delegaci\u00f3n San Nicol\u00e1s y la UFI 1 a cargo del Dr. Patricio Mugica D\u00edaz. La investigaci\u00f3n se inici\u00f3 en enero de este a\u00f1o tras la denuncia realizada por una [&hellip;]<\/p>\n","protected":false},"author":4,"featured_media":59516,"comment_status":"open","ping_status":"closed","sticky":false,"template":"","format":"standard","meta":{"om_disable_all_campaigns":false,"_jetpack_memberships_contains_paid_content":false,"footnotes":""},"categories":[621],"tags":[],"class_list":["post-59513","post","type-post","status-publish","format-standard","has-post-thumbnail","hentry","category-regionales"],"aioseo_notices":[],"gutentor_comment":0,"jetpack_featured_media_url":"https:\/\/eldiariodesanpedro.com.ar\/sitio\/wp-content\/uploads\/2019\/09\/conmarca21957.jpg","jetpack_shortlink":"https:\/\/wp.me\/p6RhLt-ftT","jetpack_sharing_enabled":true,"_links":{"self":[{"href":"https:\/\/eldiariodesanpedro.com.ar\/sitio\/wp-json\/wp\/v2\/posts\/59513","targetHints":{"allow":["GET"]}}],"collection":[{"href":"https:\/\/eldiariodesanpedro.com.ar\/sitio\/wp-json\/wp\/v2\/posts"}],"about":[{"href":"https:\/\/eldiariodesanpedro.com.ar\/sitio\/wp-json\/wp\/v2\/types\/post"}],"author":[{"embeddable":true,"href":"https:\/\/eldiariodesanpedro.com.ar\/sitio\/wp-json\/wp\/v2\/users\/4"}],"replies":[{"embeddable":true,"href":"https:\/\/eldiariodesanpedro.com.ar\/sitio\/wp-json\/wp\/v2\/comments?post=59513"}],"version-history":[{"count":1,"href":"https:\/\/eldiariodesanpedro.com.ar\/sitio\/wp-json\/wp\/v2\/posts\/59513\/revisions"}],"predecessor-version":[{"id":59517,"href":"https:\/\/eldiariodesanpedro.com.ar\/sitio\/wp-json\/wp\/v2\/posts\/59513\/revisions\/59517"}],"wp:featuredmedia":[{"embeddable":true,"href":"https:\/\/eldiariodesanpedro.com.ar\/sitio\/wp-json\/wp\/v2\/media\/59516"}],"wp:attachment":[{"href":"https:\/\/eldiariodesanpedro.com.ar\/sitio\/wp-json\/wp\/v2\/media?parent=59513"}],"wp:term":[{"taxonomy":"category","embeddable":true,"href":"https:\/\/eldiariodesanpedro.com.ar\/sitio\/wp-json\/wp\/v2\/categories?post=59513"},{"taxonomy":"post_tag","embeddable":true,"href":"https:\/\/eldiariodesanpedro.com.ar\/sitio\/wp-json\/wp\/v2\/tags?post=59513"}],"curies":[{"name":"wp","href":"https:\/\/api.w.org\/{rel}","templated":true}]}}