{"id":5951,"date":"2016-07-12T20:40:38","date_gmt":"2016-07-12T23:40:38","guid":{"rendered":"https:\/\/eldiariodesanpedro.com.ar\/sitio\/?p=5951"},"modified":"2016-07-12T20:40:38","modified_gmt":"2016-07-12T23:40:38","slug":"franchini-asumio-al-frente-del-centro-de-referencia-del-ministerio-de-desarrollo-social","status":"publish","type":"post","link":"https:\/\/eldiariodesanpedro.com.ar\/sitio\/franchini-asumio-al-frente-del-centro-de-referencia-del-ministerio-de-desarrollo-social\/","title":{"rendered":"Franchini asumi\u00f3 al frente del Centro de Referencia del Ministerio de Desarrollo Social"},"content":{"rendered":"<p><!-- VideographyWP Plugin Message: Automatic video embedding prevented by plugin options. --><br \/>\nEn el Sal\u00f3n Dorado del Honorable Concejo Deliberante asumi\u00f3 ayer el articulador del CDR San Pedro, Jos\u00e9 Luis Franchini, el cual fue acompa\u00f1ado por el intendente municipal Cecilio Salazar, el se\u00f1or Carlos Cuenos, articulador seccional de la segunda secci\u00f3n electoral, y la directora de los Centros de Referencia del Ministerio de Desarrollo Social, Agustina Siarleta.<br \/>\nAsimismo, estuvieron presentes articuladores de San Antonio de Areco, Pergamino, Arrecifes, Baradero, la intendente de Baradero, Dra. Fernanda Antonijevic, la presidenta del bloque de concejales de Cambiemos de San Antonio de Areco, Viviana Brachi, y el Sr. Diego Nanni, secretario de Gobierno de Exaltaci\u00f3n de la Cruz.<br \/>\nEn ese sentido, el intendente Salazar manifest\u00f3: \u201cEs muy importante este d\u00eda para nosotros hoy. Cuando tuve la posibilidad, que me pidieron que designar\u00e1 una persona para ponerla a cargo del CDR local, obviamente no lo dud\u00e9, el compa\u00f1ero que pens\u00e9 fue Jos\u00e9 Luis (Franchini) por la militancia, por su don de buena persona, porque nos conocemos hace much\u00edsimos a\u00f1os\u201d.<br \/>\nEn tanto, seguidamente Franchini dijo que lo que le pidi\u00f3 a los empleados fue \u201cla forma, la calidad y la calidez con que hab\u00eda que tratar a la gente, porque al CDR no va gente contenta, va gente con muchos problemas\u201d y consider\u00f3 que \u201clo principal es la forma en que se los trata\u201d. \u201cTenemos que arrimarles nuestras herramientas, que no les vamos a salvar la vida pero s\u00ed los vamos a ayudar a vivir un poco mejor\u201d, se\u00f1al\u00f3. <\/p>\n","protected":false},"excerpt":{"rendered":"<p>En el Sal\u00f3n Dorado del Honorable Concejo Deliberante asumi\u00f3 ayer el articulador del CDR San Pedro, Jos\u00e9 Luis Franchini, el cual fue acompa\u00f1ado por el intendente municipal Cecilio Salazar, el se\u00f1or Carlos Cuenos, articulador seccional de la segunda secci\u00f3n electoral, y la directora de los Centros de Referencia del Ministerio de Desarrollo Social, Agustina Siarleta. [&hellip;]<\/p>\n","protected":false},"author":4,"featured_media":5952,"comment_status":"open","ping_status":"closed","sticky":false,"template":"","format":"standard","meta":{"om_disable_all_campaigns":false,"_jetpack_memberships_contains_paid_content":false,"footnotes":""},"categories":[50,2,102],"tags":[],"class_list":["post-5951","post","type-post","status-publish","format-standard","has-post-thumbnail","hentry","category-destacadas","category-locales","category-politica-locales"],"aioseo_notices":[],"gutentor_comment":0,"jetpack_featured_media_url":"https:\/\/eldiariodesanpedro.com.ar\/sitio\/wp-content\/uploads\/2016\/07\/Franchini-0.jpg","jetpack_shortlink":"https:\/\/wp.me\/p6RhLt-1xZ","jetpack_sharing_enabled":true,"_links":{"self":[{"href":"https:\/\/eldiariodesanpedro.com.ar\/sitio\/wp-json\/wp\/v2\/posts\/5951","targetHints":{"allow":["GET"]}}],"collection":[{"href":"https:\/\/eldiariodesanpedro.com.ar\/sitio\/wp-json\/wp\/v2\/posts"}],"about":[{"href":"https:\/\/eldiariodesanpedro.com.ar\/sitio\/wp-json\/wp\/v2\/types\/post"}],"author":[{"embeddable":true,"href":"https:\/\/eldiariodesanpedro.com.ar\/sitio\/wp-json\/wp\/v2\/users\/4"}],"replies":[{"embeddable":true,"href":"https:\/\/eldiariodesanpedro.com.ar\/sitio\/wp-json\/wp\/v2\/comments?post=5951"}],"version-history":[{"count":1,"href":"https:\/\/eldiariodesanpedro.com.ar\/sitio\/wp-json\/wp\/v2\/posts\/5951\/revisions"}],"predecessor-version":[{"id":5953,"href":"https:\/\/eldiariodesanpedro.com.ar\/sitio\/wp-json\/wp\/v2\/posts\/5951\/revisions\/5953"}],"wp:featuredmedia":[{"embeddable":true,"href":"https:\/\/eldiariodesanpedro.com.ar\/sitio\/wp-json\/wp\/v2\/media\/5952"}],"wp:attachment":[{"href":"https:\/\/eldiariodesanpedro.com.ar\/sitio\/wp-json\/wp\/v2\/media?parent=5951"}],"wp:term":[{"taxonomy":"category","embeddable":true,"href":"https:\/\/eldiariodesanpedro.com.ar\/sitio\/wp-json\/wp\/v2\/categories?post=5951"},{"taxonomy":"post_tag","embeddable":true,"href":"https:\/\/eldiariodesanpedro.com.ar\/sitio\/wp-json\/wp\/v2\/tags?post=5951"}],"curies":[{"name":"wp","href":"https:\/\/api.w.org\/{rel}","templated":true}]}}