{"id":59500,"date":"2019-09-06T08:42:23","date_gmt":"2019-09-06T11:42:23","guid":{"rendered":"https:\/\/eldiariodesanpedro.com.ar\/sitio\/?p=59500"},"modified":"2019-09-06T08:42:27","modified_gmt":"2019-09-06T11:42:27","slug":"comenzaron-las-clases-en-la-escuela-secundaria-de-oficios","status":"publish","type":"post","link":"https:\/\/eldiariodesanpedro.com.ar\/sitio\/comenzaron-las-clases-en-la-escuela-secundaria-de-oficios\/","title":{"rendered":"Comenzaron las clases en la Escuela Secundaria de Oficios"},"content":{"rendered":"<!-- VideographyWP Plugin Message: Automatic video embedding prevented by plugin options. -->\n\n<p>Abri\u00f3 sus puertas la Escuela Secundaria con Oficios que funciona en las instalaciones del Centro de Formaci\u00f3n Laboral N\u00b0 401. <\/p>\n\n\n\n<p>Los alumnos dijeron presente, con el acompa\u00f1amiento de la Inspectora Jefe Distrital Prof. Mercedes Vell\u00f3n, el Inspector de Adultos Prof. \u00c1ngel Salinas y el Director del CFL N\u00b0 401 Herman Grumberg. <\/p>\n\n\n\n<p> El Programa Secundaria con Oficios es una oferta educativa que vincula a la Escuela Secundaria con la Formaci\u00f3n Profesional. La misma tiene una duraci\u00f3n de tres a\u00f1os y en cada uno de ellos se desarrolla un oficio espec\u00edfico, con su certificaci\u00f3n correspondiente. <\/p>\n\n\n\n<p>El plan de estudios dise\u00f1ado por la Direcci\u00f3n de Educaci\u00f3n de Adultos de la Provincia de Buenos Aires est\u00e1 dirigido a que los alumnos&nbsp;<strong>mayores de 18 a\u00f1os<\/strong>&nbsp;cuenten con las herramientas fundamentales para insertarse en un mercado laboral cada vez m\u00e1s demandante de trabajadores especializados en este tipo de tareas.<\/p>\n\n\n\n<p>El Programa desarrolla una propuesta educativa conocida como Pareja Pedag\u00f3gica, un binomio de trabajo entre el docente de las asignaturas y el instructor de la familia profesional en la cual est\u00e1 orientado el bachillerato. En funci\u00f3n de ello, la secuencia did\u00e1ctica de los contenidos de las materias est\u00e1 adecuada a los requisitos particulares de cada uno de los oficios.<\/p>\n\n\n\n<p>Secundaria con Oficios otorga acreditaciones oficiales en las \u00e1reas de la Construcci\u00f3n, Mec\u00e1nica, Pl\u00e1stico, Energ\u00eda, Carpinter\u00eda, servicios personales, Administraci\u00f3n y Hoteler\u00eda, Gastronom\u00eda y Turismo, simult\u00e1neamente con el t\u00edtulo secundario.\u00a0<\/p>\n\n\n\n<p>La modalidad dura tres a\u00f1os y la cursada se realiza de lunes a viernes, con una duraci\u00f3n de cuatro horas diarias.\u00a0<\/p>\n\n\n\n<p>Cada a\u00f1o se obtiene la certificaci\u00f3n correspondiente a la especialidad de formaci\u00f3n profesional aprobada (Oficio).<\/p>\n\n\n\n<ul class=\"wp-block-gallery columns-3 is-cropped wp-block-gallery-1 is-layout-flex wp-block-gallery-is-layout-flex\"><li class=\"blocks-gallery-item\"><figure><img decoding=\"async\" width=\"1116\" height=\"696\" data-attachment-id=\"59501\" data-permalink=\"https:\/\/eldiariodesanpedro.com.ar\/sitio\/comenzaron-las-clases-en-la-escuela-secundaria-de-oficios\/1-127\/\" data-orig-file=\"https:\/\/eldiariodesanpedro.com.ar\/sitio\/wp-content\/uploads\/2019\/09\/1.jpeg\" data-orig-size=\"1116,696\" data-comments-opened=\"1\" data-image-meta=\"{&quot;aperture&quot;:&quot;0&quot;,&quot;credit&quot;:&quot;&quot;,&quot;camera&quot;:&quot;&quot;,&quot;caption&quot;:&quot;&quot;,&quot;created_timestamp&quot;:&quot;0&quot;,&quot;copyright&quot;:&quot;&quot;,&quot;focal_length&quot;:&quot;0&quot;,&quot;iso&quot;:&quot;0&quot;,&quot;shutter_speed&quot;:&quot;0&quot;,&quot;title&quot;:&quot;&quot;,&quot;orientation&quot;:&quot;1&quot;}\" data-image-title=\"1\" data-image-description=\"\" data-image-caption=\"\" data-large-file=\"https:\/\/eldiariodesanpedro.com.ar\/sitio\/wp-content\/uploads\/2019\/09\/1-1024x639.jpeg\" data-src=\"https:\/\/i1.wp.com\/eldiariodesanpedro.com.ar\/sitio\/wp-content\/uploads\/2019\/09\/1.jpeg?fit=660%2C412\" alt=\"\" data-id=\"59501\" data-link=\"https:\/\/eldiariodesanpedro.com.ar\/sitio\/?attachment_id=59501\" class=\"wp-image-59501 lazyload\" data-srcset=\"https:\/\/eldiariodesanpedro.com.ar\/sitio\/wp-content\/uploads\/2019\/09\/1.jpeg 1116w, https:\/\/eldiariodesanpedro.com.ar\/sitio\/wp-content\/uploads\/2019\/09\/1-300x187.jpeg 300w, https:\/\/eldiariodesanpedro.com.ar\/sitio\/wp-content\/uploads\/2019\/09\/1-768x479.jpeg 768w, https:\/\/eldiariodesanpedro.com.ar\/sitio\/wp-content\/uploads\/2019\/09\/1-1024x639.jpeg 1024w\" data-sizes=\"(max-width: 1116px) 100vw, 1116px\" src=\"data:image\/svg+xml;base64,PHN2ZyB3aWR0aD0iMSIgaGVpZ2h0PSIxIiB4bWxucz0iaHR0cDovL3d3dy53My5vcmcvMjAwMC9zdmciPjwvc3ZnPg==\" style=\"--smush-placeholder-width: 1116px; --smush-placeholder-aspect-ratio: 1116\/696;\" \/><\/figure><\/li><li class=\"blocks-gallery-item\"><figure><img decoding=\"async\" width=\"1152\" height=\"864\" data-attachment-id=\"59502\" data-permalink=\"https:\/\/eldiariodesanpedro.com.ar\/sitio\/comenzaron-las-clases-en-la-escuela-secundaria-de-oficios\/2-81\/\" data-orig-file=\"https:\/\/eldiariodesanpedro.com.ar\/sitio\/wp-content\/uploads\/2019\/09\/2.jpeg\" data-orig-size=\"1152,864\" data-comments-opened=\"1\" data-image-meta=\"{&quot;aperture&quot;:&quot;0&quot;,&quot;credit&quot;:&quot;&quot;,&quot;camera&quot;:&quot;&quot;,&quot;caption&quot;:&quot;&quot;,&quot;created_timestamp&quot;:&quot;0&quot;,&quot;copyright&quot;:&quot;&quot;,&quot;focal_length&quot;:&quot;0&quot;,&quot;iso&quot;:&quot;0&quot;,&quot;shutter_speed&quot;:&quot;0&quot;,&quot;title&quot;:&quot;&quot;,&quot;orientation&quot;:&quot;0&quot;}\" data-image-title=\"2\" data-image-description=\"\" data-image-caption=\"\" data-large-file=\"https:\/\/eldiariodesanpedro.com.ar\/sitio\/wp-content\/uploads\/2019\/09\/2-1024x768.jpeg\" data-src=\"https:\/\/i0.wp.com\/eldiariodesanpedro.com.ar\/sitio\/wp-content\/uploads\/2019\/09\/2.jpeg?fit=660%2C495\" alt=\"\" data-id=\"59502\" data-link=\"https:\/\/eldiariodesanpedro.com.ar\/sitio\/?attachment_id=59502\" class=\"wp-image-59502 lazyload\" data-srcset=\"https:\/\/eldiariodesanpedro.com.ar\/sitio\/wp-content\/uploads\/2019\/09\/2.jpeg 1152w, https:\/\/eldiariodesanpedro.com.ar\/sitio\/wp-content\/uploads\/2019\/09\/2-300x225.jpeg 300w, https:\/\/eldiariodesanpedro.com.ar\/sitio\/wp-content\/uploads\/2019\/09\/2-768x576.jpeg 768w, https:\/\/eldiariodesanpedro.com.ar\/sitio\/wp-content\/uploads\/2019\/09\/2-1024x768.jpeg 1024w\" data-sizes=\"(max-width: 1152px) 100vw, 1152px\" src=\"data:image\/svg+xml;base64,PHN2ZyB3aWR0aD0iMSIgaGVpZ2h0PSIxIiB4bWxucz0iaHR0cDovL3d3dy53My5vcmcvMjAwMC9zdmciPjwvc3ZnPg==\" style=\"--smush-placeholder-width: 1152px; --smush-placeholder-aspect-ratio: 1152\/864;\" \/><\/figure><\/li><li class=\"blocks-gallery-item\"><figure><img decoding=\"async\" width=\"1152\" height=\"722\" data-attachment-id=\"59503\" data-permalink=\"https:\/\/eldiariodesanpedro.com.ar\/sitio\/comenzaron-las-clases-en-la-escuela-secundaria-de-oficios\/3-61\/\" data-orig-file=\"https:\/\/eldiariodesanpedro.com.ar\/sitio\/wp-content\/uploads\/2019\/09\/3.jpeg\" data-orig-size=\"1152,722\" data-comments-opened=\"1\" data-image-meta=\"{&quot;aperture&quot;:&quot;0&quot;,&quot;credit&quot;:&quot;&quot;,&quot;camera&quot;:&quot;&quot;,&quot;caption&quot;:&quot;&quot;,&quot;created_timestamp&quot;:&quot;0&quot;,&quot;copyright&quot;:&quot;&quot;,&quot;focal_length&quot;:&quot;0&quot;,&quot;iso&quot;:&quot;0&quot;,&quot;shutter_speed&quot;:&quot;0&quot;,&quot;title&quot;:&quot;&quot;,&quot;orientation&quot;:&quot;1&quot;}\" data-image-title=\"3\" data-image-description=\"\" data-image-caption=\"\" data-large-file=\"https:\/\/eldiariodesanpedro.com.ar\/sitio\/wp-content\/uploads\/2019\/09\/3-1024x642.jpeg\" data-src=\"https:\/\/i1.wp.com\/eldiariodesanpedro.com.ar\/sitio\/wp-content\/uploads\/2019\/09\/3.jpeg?fit=660%2C414\" alt=\"\" data-id=\"59503\" data-link=\"https:\/\/eldiariodesanpedro.com.ar\/sitio\/?attachment_id=59503\" class=\"wp-image-59503 lazyload\" data-srcset=\"https:\/\/eldiariodesanpedro.com.ar\/sitio\/wp-content\/uploads\/2019\/09\/3.jpeg 1152w, https:\/\/eldiariodesanpedro.com.ar\/sitio\/wp-content\/uploads\/2019\/09\/3-300x188.jpeg 300w, https:\/\/eldiariodesanpedro.com.ar\/sitio\/wp-content\/uploads\/2019\/09\/3-768x481.jpeg 768w, https:\/\/eldiariodesanpedro.com.ar\/sitio\/wp-content\/uploads\/2019\/09\/3-1024x642.jpeg 1024w\" data-sizes=\"(max-width: 1152px) 100vw, 1152px\" src=\"data:image\/svg+xml;base64,PHN2ZyB3aWR0aD0iMSIgaGVpZ2h0PSIxIiB4bWxucz0iaHR0cDovL3d3dy53My5vcmcvMjAwMC9zdmciPjwvc3ZnPg==\" style=\"--smush-placeholder-width: 1152px; --smush-placeholder-aspect-ratio: 1152\/722;\" \/><\/figure><\/li><li class=\"blocks-gallery-item\"><figure><img decoding=\"async\" width=\"1010\" height=\"648\" data-attachment-id=\"59504\" data-permalink=\"https:\/\/eldiariodesanpedro.com.ar\/sitio\/comenzaron-las-clases-en-la-escuela-secundaria-de-oficios\/4-50\/\" data-orig-file=\"https:\/\/eldiariodesanpedro.com.ar\/sitio\/wp-content\/uploads\/2019\/09\/4.jpeg\" data-orig-size=\"1010,648\" data-comments-opened=\"1\" data-image-meta=\"{&quot;aperture&quot;:&quot;0&quot;,&quot;credit&quot;:&quot;&quot;,&quot;camera&quot;:&quot;&quot;,&quot;caption&quot;:&quot;&quot;,&quot;created_timestamp&quot;:&quot;0&quot;,&quot;copyright&quot;:&quot;&quot;,&quot;focal_length&quot;:&quot;0&quot;,&quot;iso&quot;:&quot;0&quot;,&quot;shutter_speed&quot;:&quot;0&quot;,&quot;title&quot;:&quot;&quot;,&quot;orientation&quot;:&quot;1&quot;}\" data-image-title=\"4\" data-image-description=\"\" data-image-caption=\"\" data-large-file=\"https:\/\/eldiariodesanpedro.com.ar\/sitio\/wp-content\/uploads\/2019\/09\/4.jpeg\" data-src=\"https:\/\/eldiariodesanpedro.com.ar\/sitio\/wp-content\/uploads\/2019\/09\/4.jpeg\" alt=\"\" data-id=\"59504\" data-link=\"https:\/\/eldiariodesanpedro.com.ar\/sitio\/?attachment_id=59504\" class=\"wp-image-59504 lazyload\" data-srcset=\"https:\/\/eldiariodesanpedro.com.ar\/sitio\/wp-content\/uploads\/2019\/09\/4.jpeg 1010w, https:\/\/eldiariodesanpedro.com.ar\/sitio\/wp-content\/uploads\/2019\/09\/4-300x192.jpeg 300w, https:\/\/eldiariodesanpedro.com.ar\/sitio\/wp-content\/uploads\/2019\/09\/4-768x493.jpeg 768w\" data-sizes=\"(max-width: 1010px) 100vw, 1010px\" src=\"data:image\/svg+xml;base64,PHN2ZyB3aWR0aD0iMSIgaGVpZ2h0PSIxIiB4bWxucz0iaHR0cDovL3d3dy53My5vcmcvMjAwMC9zdmciPjwvc3ZnPg==\" style=\"--smush-placeholder-width: 1010px; --smush-placeholder-aspect-ratio: 1010\/648;\" \/><\/figure><\/li><\/ul>\n","protected":false},"excerpt":{"rendered":"<p>Abri\u00f3 sus puertas la Escuela Secundaria con Oficios que funciona en las instalaciones del Centro de Formaci\u00f3n Laboral N\u00b0 401. Los alumnos dijeron presente, con el acompa\u00f1amiento de la Inspectora Jefe Distrital Prof. Mercedes Vell\u00f3n, el Inspector de Adultos Prof. \u00c1ngel Salinas y el Director del CFL N\u00b0 401 Herman Grumberg. El Programa Secundaria con [&hellip;]<\/p>\n","protected":false},"author":4,"featured_media":59502,"comment_status":"open","ping_status":"closed","sticky":false,"template":"","format":"standard","meta":{"om_disable_all_campaigns":false,"_jetpack_memberships_contains_paid_content":false,"footnotes":""},"categories":[50,101,2],"tags":[],"class_list":["post-59500","post","type-post","status-publish","format-standard","has-post-thumbnail","hentry","category-destacadas","category-interes-general-locales","category-locales"],"aioseo_notices":[],"gutentor_comment":0,"jetpack_featured_media_url":"https:\/\/eldiariodesanpedro.com.ar\/sitio\/wp-content\/uploads\/2019\/09\/2.jpeg","jetpack_shortlink":"https:\/\/wp.me\/p6RhLt-ftG","jetpack_sharing_enabled":true,"_links":{"self":[{"href":"https:\/\/eldiariodesanpedro.com.ar\/sitio\/wp-json\/wp\/v2\/posts\/59500","targetHints":{"allow":["GET"]}}],"collection":[{"href":"https:\/\/eldiariodesanpedro.com.ar\/sitio\/wp-json\/wp\/v2\/posts"}],"about":[{"href":"https:\/\/eldiariodesanpedro.com.ar\/sitio\/wp-json\/wp\/v2\/types\/post"}],"author":[{"embeddable":true,"href":"https:\/\/eldiariodesanpedro.com.ar\/sitio\/wp-json\/wp\/v2\/users\/4"}],"replies":[{"embeddable":true,"href":"https:\/\/eldiariodesanpedro.com.ar\/sitio\/wp-json\/wp\/v2\/comments?post=59500"}],"version-history":[{"count":1,"href":"https:\/\/eldiariodesanpedro.com.ar\/sitio\/wp-json\/wp\/v2\/posts\/59500\/revisions"}],"predecessor-version":[{"id":59505,"href":"https:\/\/eldiariodesanpedro.com.ar\/sitio\/wp-json\/wp\/v2\/posts\/59500\/revisions\/59505"}],"wp:featuredmedia":[{"embeddable":true,"href":"https:\/\/eldiariodesanpedro.com.ar\/sitio\/wp-json\/wp\/v2\/media\/59502"}],"wp:attachment":[{"href":"https:\/\/eldiariodesanpedro.com.ar\/sitio\/wp-json\/wp\/v2\/media?parent=59500"}],"wp:term":[{"taxonomy":"category","embeddable":true,"href":"https:\/\/eldiariodesanpedro.com.ar\/sitio\/wp-json\/wp\/v2\/categories?post=59500"},{"taxonomy":"post_tag","embeddable":true,"href":"https:\/\/eldiariodesanpedro.com.ar\/sitio\/wp-json\/wp\/v2\/tags?post=59500"}],"curies":[{"name":"wp","href":"https:\/\/api.w.org\/{rel}","templated":true}]}}