{"id":5948,"date":"2016-07-12T20:38:43","date_gmt":"2016-07-12T23:38:43","guid":{"rendered":"https:\/\/eldiariodesanpedro.com.ar\/sitio\/?p=5948"},"modified":"2016-07-12T20:38:43","modified_gmt":"2016-07-12T23:38:43","slug":"baradero-fallecio-una-joven-enfermera-que-se-habia-accidentado-el-viernes-con-su-moto","status":"publish","type":"post","link":"https:\/\/eldiariodesanpedro.com.ar\/sitio\/baradero-fallecio-una-joven-enfermera-que-se-habia-accidentado-el-viernes-con-su-moto\/","title":{"rendered":"Baradero: Falleci\u00f3 una joven enfermera que se hab\u00eda accidentado el viernes con su moto"},"content":{"rendered":"<p><!-- VideographyWP Plugin Message: Automatic video embedding prevented by plugin options. --><br \/>\nMar\u00eda Luj\u00e1n Duarte ten\u00eda 24 a\u00f1os, era enfermera y falleci\u00f3 este lunes a ra\u00edz de las heridas recibidas en la cabeza y en el t\u00f3rax, al chocar en su moto contra un cami\u00f3n en la esquina de Boedo y Santa Mar\u00eda de Oro, de la vecina ciudad.<br \/>\nEl accidente se produjo el viernes en horas del mediod\u00eda. La motocicleta marca Yamaha de 110 C.C., conducida por Duarte, colision\u00f3 fuertemente con un cami\u00f3n Mercedes Benz modelo 710, color blanco, con caja t\u00e9rmica.<br \/>\nEl Servicio de Emergencias la traslad\u00f3 primeramente al Hospital. All\u00ed los profesionales se encontraron con un cuadro muy complejo: traumatismo de cr\u00e1neo severo con p\u00e9rdida de conocimiento, traumatismo de t\u00f3rax con complicaci\u00f3n en los pulmones. Fue estabilizada y llevada a terapia intensiva, donde permaneci\u00f3 en coma inducido. Luego fue trasladada a un centro de salud de mayor complejidad, pero lamentablemente el lunes falleci\u00f3.<br \/>\nEl informe de la polic\u00eda comunic\u00f3 lo siguiente: \u201cAyer Lunes, en horas de la noche, se tom\u00f3 conocimiento por parte del M\u00e9dico en turno de la Cl\u00ednica M\u00e9dica Central Gallego, de Capital Federal que, una femenina quien fuera v\u00edctima de un accidente de tr\u00e1nsito, ocurrido el d\u00eda Viernes pr\u00f3ximo pasado, en la intersecci\u00f3n de las calles Santa Mar\u00eda de Oro y Boedo, de esta ciudad, en el que condujera una motocicleta marca Yamaha y colisionara con un Cami\u00f3n Mercedes Benz, hab\u00eda fallecido. Interiorizado de lo sucedido al Fiscal interviniente, el mismo dispuso se realice en dicho nosocomio Operaci\u00f3n de Autopsia\u201d.<\/p>\n","protected":false},"excerpt":{"rendered":"<p>Mar\u00eda Luj\u00e1n Duarte ten\u00eda 24 a\u00f1os, era enfermera y falleci\u00f3 este lunes a ra\u00edz de las heridas recibidas en la cabeza y en el t\u00f3rax, al chocar en su moto contra un cami\u00f3n en la esquina de Boedo y Santa Mar\u00eda de Oro, de la vecina ciudad. El accidente se produjo el viernes en horas [&hellip;]<\/p>\n","protected":false},"author":4,"featured_media":5949,"comment_status":"open","ping_status":"closed","sticky":false,"template":"","format":"standard","meta":{"om_disable_all_campaigns":false,"_jetpack_memberships_contains_paid_content":false,"footnotes":""},"categories":[2],"tags":[],"class_list":["post-5948","post","type-post","status-publish","format-standard","has-post-thumbnail","hentry","category-locales"],"aioseo_notices":[],"gutentor_comment":0,"jetpack_featured_media_url":"https:\/\/eldiariodesanpedro.com.ar\/sitio\/wp-content\/uploads\/2016\/07\/joven-fallecida.jpg","jetpack_shortlink":"https:\/\/wp.me\/p6RhLt-1xW","jetpack_sharing_enabled":true,"_links":{"self":[{"href":"https:\/\/eldiariodesanpedro.com.ar\/sitio\/wp-json\/wp\/v2\/posts\/5948","targetHints":{"allow":["GET"]}}],"collection":[{"href":"https:\/\/eldiariodesanpedro.com.ar\/sitio\/wp-json\/wp\/v2\/posts"}],"about":[{"href":"https:\/\/eldiariodesanpedro.com.ar\/sitio\/wp-json\/wp\/v2\/types\/post"}],"author":[{"embeddable":true,"href":"https:\/\/eldiariodesanpedro.com.ar\/sitio\/wp-json\/wp\/v2\/users\/4"}],"replies":[{"embeddable":true,"href":"https:\/\/eldiariodesanpedro.com.ar\/sitio\/wp-json\/wp\/v2\/comments?post=5948"}],"version-history":[{"count":1,"href":"https:\/\/eldiariodesanpedro.com.ar\/sitio\/wp-json\/wp\/v2\/posts\/5948\/revisions"}],"predecessor-version":[{"id":5950,"href":"https:\/\/eldiariodesanpedro.com.ar\/sitio\/wp-json\/wp\/v2\/posts\/5948\/revisions\/5950"}],"wp:featuredmedia":[{"embeddable":true,"href":"https:\/\/eldiariodesanpedro.com.ar\/sitio\/wp-json\/wp\/v2\/media\/5949"}],"wp:attachment":[{"href":"https:\/\/eldiariodesanpedro.com.ar\/sitio\/wp-json\/wp\/v2\/media?parent=5948"}],"wp:term":[{"taxonomy":"category","embeddable":true,"href":"https:\/\/eldiariodesanpedro.com.ar\/sitio\/wp-json\/wp\/v2\/categories?post=5948"},{"taxonomy":"post_tag","embeddable":true,"href":"https:\/\/eldiariodesanpedro.com.ar\/sitio\/wp-json\/wp\/v2\/tags?post=5948"}],"curies":[{"name":"wp","href":"https:\/\/api.w.org\/{rel}","templated":true}]}}