{"id":59477,"date":"2019-09-05T11:07:08","date_gmt":"2019-09-05T14:07:08","guid":{"rendered":"https:\/\/eldiariodesanpedro.com.ar\/sitio\/?p=59477"},"modified":"2019-09-05T11:07:12","modified_gmt":"2019-09-05T14:07:12","slug":"obras-de-reconstruccion-en-la-ep-n10-y-ees-n14","status":"publish","type":"post","link":"https:\/\/eldiariodesanpedro.com.ar\/sitio\/obras-de-reconstruccion-en-la-ep-n10-y-ees-n14\/","title":{"rendered":"Obras de reconstrucci\u00f3n en la EP N\u00b010 y EES N\u00b014"},"content":{"rendered":"<!-- VideographyWP Plugin Message: Automatic video embedding prevented by plugin options. -->\n\n<p>Comenzaron las obras de reconstrucci\u00f3n completa de dos aulas afectadas por el incendio en la EP N\u00b0 10 &#8211; EES N\u00b0 14, con un tiempo de obra aproximado de 90 d\u00edas. <\/p>\n\n\n\n<p>Con la decisi\u00f3n del Intendente Municipal y con un presupuesto de casi dos millones de pesos de recursos del Fondo Educativo, la recuperaci\u00f3n de estos espacios educativos est\u00e1 en marcha.<\/p>\n\n\n\n<p>Recordemos que el siniestro ocurri\u00f3 el pasado  sabado 17 de agosto alrededor de las 10 horas y afect\u00f3 uno de los salones que se encuentran sobre el ingreso al establecimiento. Todo indicar\u00eda que se trat\u00f3 de un hecho intencional. Hallaron las luminarias del patio destruidas.\u00a0<\/p>\n\n\n\n<p>Un incendio de proporciones se registr\u00f3 en la ma\u00f1ana del s\u00e1bado en la Escuela N\u00b0 10. El siniestro se origin\u00f3 cerca de las 10 horas cuando no hab\u00eda nadie en el lugar y afect\u00f3 a una de las aulas que se encuentra sobre el ala derecha en el ingreso al establecimiento.\u00a0<\/p>\n\n\n\n<p>Las llamas se generalizaron r\u00e1pidamente en toda el aula y destruyeron el espacio por completo, adem\u00e1s da\u00f1os parte del sal\u00f3n contiguo.&nbsp;<\/p>\n\n\n\n<p>Tres unidades del cuerpo de Bomberos Voluntarios intervinieron en el hecho y debieron trabajar durante varios minutos hasta sofocar el fuego por completo. La labor en el lugar estuvo enmarcada tambi\u00e9n en enfriar el gas embazado que alimenta al establecimiento ya que el sistema se encuentra ubicado pared de por medio con el aula incendiada.&nbsp;&nbsp;<\/p>\n\n\n\n<p>Autoridades de la Escuela afectada y del Consejo Escolar arribaron al lugar de inmediato y los primeros datos relevados indicar\u00edan que se trat\u00f3 de un hecho intencional ya que se advirti\u00f3 que las luminarias del establecimiento se encontraban todas da\u00f1adas cuando hasta anoche estaban funcionando todas.&nbsp;<\/p>\n\n\n\n<p>Las dos aulas afectadas quedaron inutilizables ya que las paredes sufrieron importantes da\u00f1os, como tambi\u00e9n el piso y techos.\u00a0<\/p>\n\n\n\n<figure class=\"wp-block-image\"><img decoding=\"async\" width=\"960\" height=\"720\" data-attachment-id=\"59480\" data-permalink=\"https:\/\/eldiariodesanpedro.com.ar\/sitio\/obras-de-reconstruccion-en-la-ep-n10-y-ees-n14\/69874105_2739508576079956_9073601235843547136_n\/\" data-orig-file=\"https:\/\/eldiariodesanpedro.com.ar\/sitio\/wp-content\/uploads\/2019\/09\/69874105_2739508576079956_9073601235843547136_n.jpg\" data-orig-size=\"960,720\" data-comments-opened=\"1\" data-image-meta=\"{&quot;aperture&quot;:&quot;0&quot;,&quot;credit&quot;:&quot;&quot;,&quot;camera&quot;:&quot;&quot;,&quot;caption&quot;:&quot;&quot;,&quot;created_timestamp&quot;:&quot;0&quot;,&quot;copyright&quot;:&quot;&quot;,&quot;focal_length&quot;:&quot;0&quot;,&quot;iso&quot;:&quot;0&quot;,&quot;shutter_speed&quot;:&quot;0&quot;,&quot;title&quot;:&quot;&quot;,&quot;orientation&quot;:&quot;0&quot;}\" data-image-title=\"69874105_2739508576079956_9073601235843547136_n\" data-image-description=\"\" data-image-caption=\"\" data-large-file=\"https:\/\/eldiariodesanpedro.com.ar\/sitio\/wp-content\/uploads\/2019\/09\/69874105_2739508576079956_9073601235843547136_n.jpg\" data-src=\"https:\/\/eldiariodesanpedro.com.ar\/sitio\/wp-content\/uploads\/2019\/09\/69874105_2739508576079956_9073601235843547136_n.jpg\" alt=\"\" class=\"wp-image-59480 lazyload\" data-srcset=\"https:\/\/eldiariodesanpedro.com.ar\/sitio\/wp-content\/uploads\/2019\/09\/69874105_2739508576079956_9073601235843547136_n.jpg 960w, https:\/\/eldiariodesanpedro.com.ar\/sitio\/wp-content\/uploads\/2019\/09\/69874105_2739508576079956_9073601235843547136_n-300x225.jpg 300w, https:\/\/eldiariodesanpedro.com.ar\/sitio\/wp-content\/uploads\/2019\/09\/69874105_2739508576079956_9073601235843547136_n-768x576.jpg 768w\" data-sizes=\"(max-width: 960px) 100vw, 960px\" src=\"data:image\/svg+xml;base64,PHN2ZyB3aWR0aD0iMSIgaGVpZ2h0PSIxIiB4bWxucz0iaHR0cDovL3d3dy53My5vcmcvMjAwMC9zdmciPjwvc3ZnPg==\" style=\"--smush-placeholder-width: 960px; --smush-placeholder-aspect-ratio: 960\/720;\" \/><\/figure>\n","protected":false},"excerpt":{"rendered":"<p>Comenzaron las obras de reconstrucci\u00f3n completa de dos aulas afectadas por el incendio en la EP N\u00b0 10 &#8211; EES N\u00b0 14, con un tiempo de obra aproximado de 90 d\u00edas. Con la decisi\u00f3n del Intendente Municipal y con un presupuesto de casi dos millones de pesos de recursos del Fondo Educativo, la recuperaci\u00f3n de [&hellip;]<\/p>\n","protected":false},"author":4,"featured_media":59481,"comment_status":"open","ping_status":"closed","sticky":false,"template":"","format":"standard","meta":{"om_disable_all_campaigns":false,"_jetpack_memberships_contains_paid_content":false,"footnotes":""},"categories":[101,2],"tags":[],"class_list":["post-59477","post","type-post","status-publish","format-standard","has-post-thumbnail","hentry","category-interes-general-locales","category-locales"],"aioseo_notices":[],"gutentor_comment":0,"jetpack_featured_media_url":"https:\/\/eldiariodesanpedro.com.ar\/sitio\/wp-content\/uploads\/2019\/09\/70488450_2739745759389571_3946160503537008640_n.jpg","jetpack_shortlink":"https:\/\/wp.me\/p6RhLt-ftj","jetpack_sharing_enabled":true,"_links":{"self":[{"href":"https:\/\/eldiariodesanpedro.com.ar\/sitio\/wp-json\/wp\/v2\/posts\/59477","targetHints":{"allow":["GET"]}}],"collection":[{"href":"https:\/\/eldiariodesanpedro.com.ar\/sitio\/wp-json\/wp\/v2\/posts"}],"about":[{"href":"https:\/\/eldiariodesanpedro.com.ar\/sitio\/wp-json\/wp\/v2\/types\/post"}],"author":[{"embeddable":true,"href":"https:\/\/eldiariodesanpedro.com.ar\/sitio\/wp-json\/wp\/v2\/users\/4"}],"replies":[{"embeddable":true,"href":"https:\/\/eldiariodesanpedro.com.ar\/sitio\/wp-json\/wp\/v2\/comments?post=59477"}],"version-history":[{"count":1,"href":"https:\/\/eldiariodesanpedro.com.ar\/sitio\/wp-json\/wp\/v2\/posts\/59477\/revisions"}],"predecessor-version":[{"id":59482,"href":"https:\/\/eldiariodesanpedro.com.ar\/sitio\/wp-json\/wp\/v2\/posts\/59477\/revisions\/59482"}],"wp:featuredmedia":[{"embeddable":true,"href":"https:\/\/eldiariodesanpedro.com.ar\/sitio\/wp-json\/wp\/v2\/media\/59481"}],"wp:attachment":[{"href":"https:\/\/eldiariodesanpedro.com.ar\/sitio\/wp-json\/wp\/v2\/media?parent=59477"}],"wp:term":[{"taxonomy":"category","embeddable":true,"href":"https:\/\/eldiariodesanpedro.com.ar\/sitio\/wp-json\/wp\/v2\/categories?post=59477"},{"taxonomy":"post_tag","embeddable":true,"href":"https:\/\/eldiariodesanpedro.com.ar\/sitio\/wp-json\/wp\/v2\/tags?post=59477"}],"curies":[{"name":"wp","href":"https:\/\/api.w.org\/{rel}","templated":true}]}}