{"id":59473,"date":"2019-09-05T11:01:45","date_gmt":"2019-09-05T14:01:45","guid":{"rendered":"https:\/\/eldiariodesanpedro.com.ar\/sitio\/?p=59473"},"modified":"2019-09-05T11:01:59","modified_gmt":"2019-09-05T14:01:59","slug":"ramallo-se-agrava-la-situacion-en-bio-ramallo","status":"publish","type":"post","link":"https:\/\/eldiariodesanpedro.com.ar\/sitio\/ramallo-se-agrava-la-situacion-en-bio-ramallo\/","title":{"rendered":"RAMALLO | Se agrava la situaci\u00f3n en Bio Ramallo"},"content":{"rendered":"<!-- VideographyWP Plugin Message: Automatic video embedding prevented by plugin options. -->\n\n<p>El conflicto laboral en la planta de biodiesel Bio Ramallo, ya lleva m\u00e1s de 80 d\u00edas. Los trabajadores despedidos no han regresado a sus puestos de trabajo, tal como lo hab\u00eda dictado el Ministerio de Trabajo.<\/p>\n\n\n\n<p>Los 28 trabajadores ven con preocupaci\u00f3n la dilaci\u00f3n del tiempo en resolver el conflicto, y denuncian que desde julio no est\u00e1n cobrando su salario. Esto hab\u00eda sido acordado con el Ministerio, en la \u00faltima reuni\u00f3n donde se dict\u00f3 la conciliaci\u00f3n obligatoria.<\/p>\n\n\n\n<p>Esta semana se conoci\u00f3 la triste noticia que las empresas Biobal SA, Biocorba S.A y Refinar Bio S.A que se encuentran radicadas en el parque industrial Comirsa, suspendieron a 70 trabajadores, agudizando a\u00fan m\u00e1s el conflicto en ese sector del parque.<\/p>\n\n\n\n<p>Fuente: Ramallo Ciudad<\/p>\n","protected":false},"excerpt":{"rendered":"<p>El conflicto laboral en la planta de biodiesel Bio Ramallo, ya lleva m\u00e1s de 80 d\u00edas. Los trabajadores despedidos no han regresado a sus puestos de trabajo, tal como lo hab\u00eda dictado el Ministerio de Trabajo. Los 28 trabajadores ven con preocupaci\u00f3n la dilaci\u00f3n del tiempo en resolver el conflicto, y denuncian que desde julio [&hellip;]<\/p>\n","protected":false},"author":4,"featured_media":59474,"comment_status":"open","ping_status":"closed","sticky":false,"template":"","format":"standard","meta":{"om_disable_all_campaigns":false,"_jetpack_memberships_contains_paid_content":false,"footnotes":""},"categories":[621],"tags":[],"class_list":["post-59473","post","type-post","status-publish","format-standard","has-post-thumbnail","hentry","category-regionales"],"aioseo_notices":[],"gutentor_comment":0,"jetpack_featured_media_url":"https:\/\/eldiariodesanpedro.com.ar\/sitio\/wp-content\/uploads\/2019\/09\/bbx_1014480563_1_bioramallo.jpg","jetpack_shortlink":"https:\/\/wp.me\/p6RhLt-ftf","jetpack_sharing_enabled":true,"_links":{"self":[{"href":"https:\/\/eldiariodesanpedro.com.ar\/sitio\/wp-json\/wp\/v2\/posts\/59473","targetHints":{"allow":["GET"]}}],"collection":[{"href":"https:\/\/eldiariodesanpedro.com.ar\/sitio\/wp-json\/wp\/v2\/posts"}],"about":[{"href":"https:\/\/eldiariodesanpedro.com.ar\/sitio\/wp-json\/wp\/v2\/types\/post"}],"author":[{"embeddable":true,"href":"https:\/\/eldiariodesanpedro.com.ar\/sitio\/wp-json\/wp\/v2\/users\/4"}],"replies":[{"embeddable":true,"href":"https:\/\/eldiariodesanpedro.com.ar\/sitio\/wp-json\/wp\/v2\/comments?post=59473"}],"version-history":[{"count":2,"href":"https:\/\/eldiariodesanpedro.com.ar\/sitio\/wp-json\/wp\/v2\/posts\/59473\/revisions"}],"predecessor-version":[{"id":59476,"href":"https:\/\/eldiariodesanpedro.com.ar\/sitio\/wp-json\/wp\/v2\/posts\/59473\/revisions\/59476"}],"wp:featuredmedia":[{"embeddable":true,"href":"https:\/\/eldiariodesanpedro.com.ar\/sitio\/wp-json\/wp\/v2\/media\/59474"}],"wp:attachment":[{"href":"https:\/\/eldiariodesanpedro.com.ar\/sitio\/wp-json\/wp\/v2\/media?parent=59473"}],"wp:term":[{"taxonomy":"category","embeddable":true,"href":"https:\/\/eldiariodesanpedro.com.ar\/sitio\/wp-json\/wp\/v2\/categories?post=59473"},{"taxonomy":"post_tag","embeddable":true,"href":"https:\/\/eldiariodesanpedro.com.ar\/sitio\/wp-json\/wp\/v2\/tags?post=59473"}],"curies":[{"name":"wp","href":"https:\/\/api.w.org\/{rel}","templated":true}]}}