{"id":59470,"date":"2019-09-05T10:59:11","date_gmt":"2019-09-05T13:59:11","guid":{"rendered":"https:\/\/eldiariodesanpedro.com.ar\/sitio\/?p=59470"},"modified":"2019-09-05T10:59:15","modified_gmt":"2019-09-05T13:59:15","slug":"ramallo-se-inauguro-el-centro-de-monitoreo-de-barrio-santa-rosa","status":"publish","type":"post","link":"https:\/\/eldiariodesanpedro.com.ar\/sitio\/ramallo-se-inauguro-el-centro-de-monitoreo-de-barrio-santa-rosa\/","title":{"rendered":"RAMALLO | Se inaugur\u00f3 el Centro de Monitoreo de Barrio Santa Rosa"},"content":{"rendered":"<!-- VideographyWP Plugin Message: Automatic video embedding prevented by plugin options. -->\n\n<p>Qued\u00f3 inaugurado el segundo centro de Monitoreo, ubicado en calle Rafael Obligado y Guerrico de la ciudad de Ramallo, perteneciente a la Secretar\u00eda de Seguridad de la Municipalidad de Ramallo. A partir de ahora, las c\u00e1maras del barrio ser\u00e1n vigiladas en territorio.<\/p>\n\n\n\n<p>El intendente\u00a0<strong>Mauro Poletti<\/strong>\u00a0explic\u00f3 que \u201cesto lo vamos hacer en cada uno de los barrios con el objetivo de mejorar el servicio que prestamos en videovigilancia\u201d.<\/p>\n\n\n\n<p>\u201cEsta segunda etapa, que es descentralizar todo lo que tiene que ver con monitoreo. Vamos a ir a cada uno de los barrios para que cada uno tenga un centro de monitoreo donde se visualicen las c\u00e1maras de ese sector\u201d, complet\u00f3 el jefe comunal.<\/p>\n\n\n\n<p>El sistema de monitoreo cuenta en la actualidad con cien c\u00e1maras entre fijas y domos, distribuidas en distintos puntos de la ciudad. El pr\u00f3ximo paso ser\u00eda tambi\u00e9n instalar un nuevo centro en la ciudad de Villa Ramallo.<\/p>\n\n\n\n<p>Fuente: Ramallo Ciudad<\/p>\n","protected":false},"excerpt":{"rendered":"<p>Qued\u00f3 inaugurado el segundo centro de Monitoreo, ubicado en calle Rafael Obligado y Guerrico de la ciudad de Ramallo, perteneciente a la Secretar\u00eda de Seguridad de la Municipalidad de Ramallo. A partir de ahora, las c\u00e1maras del barrio ser\u00e1n vigiladas en territorio. El intendente\u00a0Mauro Poletti\u00a0explic\u00f3 que \u201cesto lo vamos hacer en cada uno de los [&hellip;]<\/p>\n","protected":false},"author":4,"featured_media":59471,"comment_status":"open","ping_status":"closed","sticky":false,"template":"","format":"standard","meta":{"om_disable_all_campaigns":false,"_jetpack_memberships_contains_paid_content":false,"footnotes":""},"categories":[621],"tags":[],"class_list":["post-59470","post","type-post","status-publish","format-standard","has-post-thumbnail","hentry","category-regionales"],"aioseo_notices":[],"gutentor_comment":0,"jetpack_featured_media_url":"https:\/\/eldiariodesanpedro.com.ar\/sitio\/wp-content\/uploads\/2019\/09\/bbx_1014480563_1_monitoreo.jpg","jetpack_shortlink":"https:\/\/wp.me\/p6RhLt-ftc","jetpack_sharing_enabled":true,"_links":{"self":[{"href":"https:\/\/eldiariodesanpedro.com.ar\/sitio\/wp-json\/wp\/v2\/posts\/59470","targetHints":{"allow":["GET"]}}],"collection":[{"href":"https:\/\/eldiariodesanpedro.com.ar\/sitio\/wp-json\/wp\/v2\/posts"}],"about":[{"href":"https:\/\/eldiariodesanpedro.com.ar\/sitio\/wp-json\/wp\/v2\/types\/post"}],"author":[{"embeddable":true,"href":"https:\/\/eldiariodesanpedro.com.ar\/sitio\/wp-json\/wp\/v2\/users\/4"}],"replies":[{"embeddable":true,"href":"https:\/\/eldiariodesanpedro.com.ar\/sitio\/wp-json\/wp\/v2\/comments?post=59470"}],"version-history":[{"count":1,"href":"https:\/\/eldiariodesanpedro.com.ar\/sitio\/wp-json\/wp\/v2\/posts\/59470\/revisions"}],"predecessor-version":[{"id":59472,"href":"https:\/\/eldiariodesanpedro.com.ar\/sitio\/wp-json\/wp\/v2\/posts\/59470\/revisions\/59472"}],"wp:featuredmedia":[{"embeddable":true,"href":"https:\/\/eldiariodesanpedro.com.ar\/sitio\/wp-json\/wp\/v2\/media\/59471"}],"wp:attachment":[{"href":"https:\/\/eldiariodesanpedro.com.ar\/sitio\/wp-json\/wp\/v2\/media?parent=59470"}],"wp:term":[{"taxonomy":"category","embeddable":true,"href":"https:\/\/eldiariodesanpedro.com.ar\/sitio\/wp-json\/wp\/v2\/categories?post=59470"},{"taxonomy":"post_tag","embeddable":true,"href":"https:\/\/eldiariodesanpedro.com.ar\/sitio\/wp-json\/wp\/v2\/tags?post=59470"}],"curies":[{"name":"wp","href":"https:\/\/api.w.org\/{rel}","templated":true}]}}