{"id":59467,"date":"2019-09-05T10:57:30","date_gmt":"2019-09-05T13:57:30","guid":{"rendered":"https:\/\/eldiariodesanpedro.com.ar\/sitio\/?p=59467"},"modified":"2019-09-05T10:57:34","modified_gmt":"2019-09-05T13:57:34","slug":"ramallo-suspenden-a-70-trabajadores-en-comirsa","status":"publish","type":"post","link":"https:\/\/eldiariodesanpedro.com.ar\/sitio\/ramallo-suspenden-a-70-trabajadores-en-comirsa\/","title":{"rendered":"RAMALLO | Suspenden a 70 trabajadores en Comirsa"},"content":{"rendered":"<!-- VideographyWP Plugin Message: Automatic video embedding prevented by plugin options. -->\n\n<p>Las plantas de biodiesel en el Parque Comirsa atraviesan una situaci\u00f3n cr\u00edtica. En esta oportunidad 70 trabajadores de las plantas Biobal SA, Biocorba S.A y Refinar Bio S.A fueron suspendidos y peligran las fuentes laborales.&nbsp;Este panorama se suma a los 28 despedidos de Bio Ramallo, que ya lleva m\u00e1s de 80 d\u00edas de conflicto, en donde los trabajadores despedidos no han regresado a sus puestos de trabajo, y denuncian que desde julio no est\u00e1n cobrando su salario.<\/p>\n\n\n\n<p>La reciente devaluaci\u00f3n del peso frente al d\u00f3lar y la incertidumbre que existe en torno a las variables econ\u00f3micas se extienden como un reguero de p\u00f3lvora en la agroindustria argentina. El biodiesel es una de las actividades que acus\u00f3 impacto de esta situaci\u00f3n, sobre todo en el caso de las pymes bonaerenses que se dedican al mercado interno, para volcar su producci\u00f3n al corte obligatorio de naftas. Unos 300 trabajadores de plantas productoras de este biocombustible en Bah\u00eda Blanca, Jun\u00edn y Ramallo fueron notificados de suspensi\u00f3n de actividades hasta el pr\u00f3ximo 31 de octubre.<\/p>\n\n\n\n<p>La industria argentina del biodiesel vive dos realidades. Por el lado de las f\u00e1bricas emplazadas en la zona de influencia del puerto de Rosario, que se encuentran enfocadas en la exportaci\u00f3n, de manera paulatina empiezan a recuperar mercados, en un contexto de fuerte proteccionismo a nivel global.<\/p>\n\n\n\n<p>En el caso de las f\u00e1bricas que trabajan en el mercado interno, la realidad es diferente. La reciente decisi\u00f3n del Gobierno nacional de extender al precio de los biocombustibles el congelamiento de los precios del gasoil y las naftas es un golpe de nocaut para esta industria.<\/p>\n\n\n\n<p>Fuente: Ramallo Informa<\/p>\n","protected":false},"excerpt":{"rendered":"<p>Las plantas de biodiesel en el Parque Comirsa atraviesan una situaci\u00f3n cr\u00edtica. En esta oportunidad 70 trabajadores de las plantas Biobal SA, Biocorba S.A y Refinar Bio S.A fueron suspendidos y peligran las fuentes laborales.&nbsp;Este panorama se suma a los 28 despedidos de Bio Ramallo, que ya lleva m\u00e1s de 80 d\u00edas de conflicto, en [&hellip;]<\/p>\n","protected":false},"author":4,"featured_media":59468,"comment_status":"open","ping_status":"closed","sticky":false,"template":"","format":"standard","meta":{"om_disable_all_campaigns":false,"_jetpack_memberships_contains_paid_content":false,"footnotes":""},"categories":[621],"tags":[],"class_list":["post-59467","post","type-post","status-publish","format-standard","has-post-thumbnail","hentry","category-regionales"],"aioseo_notices":[],"gutentor_comment":0,"jetpack_featured_media_url":"https:\/\/eldiariodesanpedro.com.ar\/sitio\/wp-content\/uploads\/2019\/09\/D7Fn2VJXYAEpvC4.jpg","jetpack_shortlink":"https:\/\/wp.me\/p6RhLt-ft9","jetpack_sharing_enabled":true,"_links":{"self":[{"href":"https:\/\/eldiariodesanpedro.com.ar\/sitio\/wp-json\/wp\/v2\/posts\/59467","targetHints":{"allow":["GET"]}}],"collection":[{"href":"https:\/\/eldiariodesanpedro.com.ar\/sitio\/wp-json\/wp\/v2\/posts"}],"about":[{"href":"https:\/\/eldiariodesanpedro.com.ar\/sitio\/wp-json\/wp\/v2\/types\/post"}],"author":[{"embeddable":true,"href":"https:\/\/eldiariodesanpedro.com.ar\/sitio\/wp-json\/wp\/v2\/users\/4"}],"replies":[{"embeddable":true,"href":"https:\/\/eldiariodesanpedro.com.ar\/sitio\/wp-json\/wp\/v2\/comments?post=59467"}],"version-history":[{"count":1,"href":"https:\/\/eldiariodesanpedro.com.ar\/sitio\/wp-json\/wp\/v2\/posts\/59467\/revisions"}],"predecessor-version":[{"id":59469,"href":"https:\/\/eldiariodesanpedro.com.ar\/sitio\/wp-json\/wp\/v2\/posts\/59467\/revisions\/59469"}],"wp:featuredmedia":[{"embeddable":true,"href":"https:\/\/eldiariodesanpedro.com.ar\/sitio\/wp-json\/wp\/v2\/media\/59468"}],"wp:attachment":[{"href":"https:\/\/eldiariodesanpedro.com.ar\/sitio\/wp-json\/wp\/v2\/media?parent=59467"}],"wp:term":[{"taxonomy":"category","embeddable":true,"href":"https:\/\/eldiariodesanpedro.com.ar\/sitio\/wp-json\/wp\/v2\/categories?post=59467"},{"taxonomy":"post_tag","embeddable":true,"href":"https:\/\/eldiariodesanpedro.com.ar\/sitio\/wp-json\/wp\/v2\/tags?post=59467"}],"curies":[{"name":"wp","href":"https:\/\/api.w.org\/{rel}","templated":true}]}}