{"id":59461,"date":"2019-09-05T11:05:13","date_gmt":"2019-09-05T14:05:13","guid":{"rendered":"https:\/\/eldiariodesanpedro.com.ar\/sitio\/?p=59461"},"modified":"2019-09-05T11:05:17","modified_gmt":"2019-09-05T14:05:17","slug":"un-nino-sorprendio-a-un-delincuente-y-evito-que-ingrese-a-su-casa","status":"publish","type":"post","link":"https:\/\/eldiariodesanpedro.com.ar\/sitio\/un-nino-sorprendio-a-un-delincuente-y-evito-que-ingrese-a-su-casa\/","title":{"rendered":"Un ni\u00f1o sorprendi\u00f3 a un delincuente y evito que ingrese a su casa"},"content":{"rendered":"<!-- VideographyWP Plugin Message: Automatic video embedding prevented by plugin options. -->\n\n<p>Sucedi\u00f3 en una vivienda de calle Saavedra al 1200, el menor dorm\u00eda junto a su mam\u00e1 cuando se alerta de un malviviente que intentaba ingresar por la ventana, quien al darse cuenta de haber sido descubierto emprende fuga.<\/p>\n\n\n\n<p>As\u00ed lo cont\u00f3 una mujer de 44 a\u00f1os de edad cuando radico su denuncia en la dependencia local, cuando este mi\u00e9rcoles por la madrugada momento en que se encontraban durmiendo con su hijo menor, el ni\u00f1o escucha ruidos y sorprende a un delincuente que intentaba ingresar por la ventana.<\/p>\n\n\n\n<p>El sujeto advierte la situaci\u00f3n y se da a la fuga sin causar da\u00f1os.<\/p>\n\n\n\n<p><\/p>\n","protected":false},"excerpt":{"rendered":"<p>Sucedi\u00f3 en una vivienda de calle Saavedra al 1200, el menor dorm\u00eda junto a su mam\u00e1 cuando se alerta de un malviviente que intentaba ingresar por la ventana, quien al darse cuenta de haber sido descubierto emprende fuga. As\u00ed lo cont\u00f3 una mujer de 44 a\u00f1os de edad cuando radico su denuncia en la dependencia [&hellip;]<\/p>\n","protected":false},"author":4,"featured_media":59478,"comment_status":"open","ping_status":"closed","sticky":false,"template":"","format":"standard","meta":{"om_disable_all_campaigns":false,"_jetpack_memberships_contains_paid_content":false,"footnotes":""},"categories":[2,103],"tags":[],"class_list":["post-59461","post","type-post","status-publish","format-standard","has-post-thumbnail","hentry","category-locales","category-policiales-locales"],"aioseo_notices":[],"gutentor_comment":0,"jetpack_featured_media_url":"https:\/\/eldiariodesanpedro.com.ar\/sitio\/wp-content\/uploads\/2019\/09\/catorce-consejos-para-proteger-tu-casa-de-robos-y-ladrones.jpg","jetpack_shortlink":"https:\/\/wp.me\/p6RhLt-ft3","jetpack_sharing_enabled":true,"_links":{"self":[{"href":"https:\/\/eldiariodesanpedro.com.ar\/sitio\/wp-json\/wp\/v2\/posts\/59461","targetHints":{"allow":["GET"]}}],"collection":[{"href":"https:\/\/eldiariodesanpedro.com.ar\/sitio\/wp-json\/wp\/v2\/posts"}],"about":[{"href":"https:\/\/eldiariodesanpedro.com.ar\/sitio\/wp-json\/wp\/v2\/types\/post"}],"author":[{"embeddable":true,"href":"https:\/\/eldiariodesanpedro.com.ar\/sitio\/wp-json\/wp\/v2\/users\/4"}],"replies":[{"embeddable":true,"href":"https:\/\/eldiariodesanpedro.com.ar\/sitio\/wp-json\/wp\/v2\/comments?post=59461"}],"version-history":[{"count":1,"href":"https:\/\/eldiariodesanpedro.com.ar\/sitio\/wp-json\/wp\/v2\/posts\/59461\/revisions"}],"predecessor-version":[{"id":59479,"href":"https:\/\/eldiariodesanpedro.com.ar\/sitio\/wp-json\/wp\/v2\/posts\/59461\/revisions\/59479"}],"wp:featuredmedia":[{"embeddable":true,"href":"https:\/\/eldiariodesanpedro.com.ar\/sitio\/wp-json\/wp\/v2\/media\/59478"}],"wp:attachment":[{"href":"https:\/\/eldiariodesanpedro.com.ar\/sitio\/wp-json\/wp\/v2\/media?parent=59461"}],"wp:term":[{"taxonomy":"category","embeddable":true,"href":"https:\/\/eldiariodesanpedro.com.ar\/sitio\/wp-json\/wp\/v2\/categories?post=59461"},{"taxonomy":"post_tag","embeddable":true,"href":"https:\/\/eldiariodesanpedro.com.ar\/sitio\/wp-json\/wp\/v2\/tags?post=59461"}],"curies":[{"name":"wp","href":"https:\/\/api.w.org\/{rel}","templated":true}]}}