{"id":59460,"date":"2019-09-05T10:53:29","date_gmt":"2019-09-05T13:53:29","guid":{"rendered":"https:\/\/eldiariodesanpedro.com.ar\/sitio\/?p=59460"},"modified":"2019-09-05T10:53:33","modified_gmt":"2019-09-05T13:53:33","slug":"baradero-pelea-de-presos-en-la-unidad-penal-n11-con-dos-internos-heridos-de-arma-blanca","status":"publish","type":"post","link":"https:\/\/eldiariodesanpedro.com.ar\/sitio\/baradero-pelea-de-presos-en-la-unidad-penal-n11-con-dos-internos-heridos-de-arma-blanca\/","title":{"rendered":"BARADERO | Pelea de presos en la Unidad Penal N\u00b011 con dos internos heridos de arma blanca"},"content":{"rendered":"<!-- VideographyWP Plugin Message: Automatic video embedding prevented by plugin options. -->\n\n<p>Ocurri\u00f3 anoche durante un enfrentamiento entre los reclusos de los pabellones 1 y 2. La contienda dej\u00f3 como saldo un herido de arma blanca que se encuentra internado grave y con pron\u00f3stico reservado. Adem\u00e1s otro presidiario result\u00f3 con una importante lesi\u00f3n en un ojo. Varios heridos leves fueron atendidos dentro del penal. La situaci\u00f3n est\u00e1 controlada.<\/p>\n\n\n\n<p>Un feroz amotinamiento que se registr\u00f3 anoche en la&nbsp;Unidad Penal N\u00b011 en el partido bonaerense de Baradero dej\u00f3 como saldo un interno gravemente heridos y varios reckusos que resultaron con contusiones.<\/p>\n\n\n\n<p>De acuerdo a lo que precis\u00f3 el periodista local C\u00e9sar Scollo a&nbsp;<em>LaNoticia1.com<\/em>, la reyerta comenz\u00f3 este mi\u00e9rcoles cerca de las 22.30, cuando los internos de los pabellones 1 y 2 protagonizaron una feroz pelea dentro de la c\u00e1rcel.<\/p>\n\n\n\n<p>Como consecuencia del enfrentamiento, un interno result\u00f3&nbsp;con una profunda herida de arma blanca por una pu\u00f1alada que habr\u00eda afectado uno de sus pulmones. Se encuentra internado en estado reservado y con dificultad respiratoria.<\/p>\n\n\n\n<p>Adem\u00e1s, otro de los presos fue asistido de emergencia dentro del mismo penal luego de recibir un golpe en la cabeza con un elemento contundente, en la zona cercana a uno de sus ojos, por lo que fue atendido por los m\u00e9dicos.<\/p>\n\n\n\n<p>La pelea tambi\u00e9n dej\u00f3\u00a0una cantidad importante de heridos leves que fueron auxiliados dentro del penal. En el lugar trabaj\u00f3 personal del Servicio Penitenciario y del servicio de Emergencias 107 quienes indicaron que \u201cla situaci\u00f3n est\u00e1 controlada\u201d.<\/p>\n\n\n\n<p>Fuente: Baradero Hoy<\/p>\n","protected":false},"excerpt":{"rendered":"<p>Ocurri\u00f3 anoche durante un enfrentamiento entre los reclusos de los pabellones 1 y 2. La contienda dej\u00f3 como saldo un herido de arma blanca que se encuentra internado grave y con pron\u00f3stico reservado. Adem\u00e1s otro presidiario result\u00f3 con una importante lesi\u00f3n en un ojo. Varios heridos leves fueron atendidos dentro del penal. La situaci\u00f3n est\u00e1 [&hellip;]<\/p>\n","protected":false},"author":4,"featured_media":59462,"comment_status":"open","ping_status":"closed","sticky":false,"template":"","format":"standard","meta":{"om_disable_all_campaigns":false,"_jetpack_memberships_contains_paid_content":false,"footnotes":""},"categories":[621],"tags":[],"class_list":["post-59460","post","type-post","status-publish","format-standard","has-post-thumbnail","hentry","category-regionales"],"aioseo_notices":[],"gutentor_comment":0,"jetpack_featured_media_url":"https:\/\/eldiariodesanpedro.com.ar\/sitio\/wp-content\/uploads\/2019\/09\/unidad-penal-n11-frente-1.jpg","jetpack_shortlink":"https:\/\/wp.me\/p6RhLt-ft2","jetpack_sharing_enabled":true,"_links":{"self":[{"href":"https:\/\/eldiariodesanpedro.com.ar\/sitio\/wp-json\/wp\/v2\/posts\/59460","targetHints":{"allow":["GET"]}}],"collection":[{"href":"https:\/\/eldiariodesanpedro.com.ar\/sitio\/wp-json\/wp\/v2\/posts"}],"about":[{"href":"https:\/\/eldiariodesanpedro.com.ar\/sitio\/wp-json\/wp\/v2\/types\/post"}],"author":[{"embeddable":true,"href":"https:\/\/eldiariodesanpedro.com.ar\/sitio\/wp-json\/wp\/v2\/users\/4"}],"replies":[{"embeddable":true,"href":"https:\/\/eldiariodesanpedro.com.ar\/sitio\/wp-json\/wp\/v2\/comments?post=59460"}],"version-history":[{"count":1,"href":"https:\/\/eldiariodesanpedro.com.ar\/sitio\/wp-json\/wp\/v2\/posts\/59460\/revisions"}],"predecessor-version":[{"id":59463,"href":"https:\/\/eldiariodesanpedro.com.ar\/sitio\/wp-json\/wp\/v2\/posts\/59460\/revisions\/59463"}],"wp:featuredmedia":[{"embeddable":true,"href":"https:\/\/eldiariodesanpedro.com.ar\/sitio\/wp-json\/wp\/v2\/media\/59462"}],"wp:attachment":[{"href":"https:\/\/eldiariodesanpedro.com.ar\/sitio\/wp-json\/wp\/v2\/media?parent=59460"}],"wp:term":[{"taxonomy":"category","embeddable":true,"href":"https:\/\/eldiariodesanpedro.com.ar\/sitio\/wp-json\/wp\/v2\/categories?post=59460"},{"taxonomy":"post_tag","embeddable":true,"href":"https:\/\/eldiariodesanpedro.com.ar\/sitio\/wp-json\/wp\/v2\/tags?post=59460"}],"curies":[{"name":"wp","href":"https:\/\/api.w.org\/{rel}","templated":true}]}}