{"id":59456,"date":"2019-09-05T10:51:48","date_gmt":"2019-09-05T13:51:48","guid":{"rendered":"https:\/\/eldiariodesanpedro.com.ar\/sitio\/?p=59456"},"modified":"2019-09-05T10:51:52","modified_gmt":"2019-09-05T13:51:52","slug":"campana-prefectura-intensificara-su-presencia-en-la-ciudad","status":"publish","type":"post","link":"https:\/\/eldiariodesanpedro.com.ar\/sitio\/campana-prefectura-intensificara-su-presencia-en-la-ciudad\/","title":{"rendered":"CAMPANA | Prefectura intensificar\u00e1 su presencia en la ciudad"},"content":{"rendered":"<!-- VideographyWP Plugin Message: Automatic video embedding prevented by plugin options. -->\n\n<p>As\u00ed lo acordaron el Intendente Abella y el secretario de Seguridad de la Naci\u00f3n Burzaco a los efectos de seguir mejorando la seguridad.<\/p>\n\n\n\n<p>\n\nEl intendente Sebasti\u00e1n Abella y el secretario de Seguridad de la Naci\u00f3n, Eugenio Burzaco, mantuvieron una reuni\u00f3n en la que coordinaron acciones conjuntas para intensificar la presencia de Prefectura en la ciudad.<\/p>\n\n\n\n<p>A los efectos de seguir mejorando la seguridad, las autoridades planificaron operativos para llevar adelante en el casco urbano, y sobre todo en las zonas donde se han cometido hechos en los \u00faltimos tiempos.&nbsp;<\/p>\n\n\n\n<p>Junto al secretario de Seguridad y Prevenci\u00f3n Ciudadana del Municipio, Abel Milano, y su par de Comunicaci\u00f3n, Martin Seguin, Abella y Burzaco analizaron todos los trabajos que viene realizando Prefectura Naval en la ciudad.<\/p>\n\n\n\n<p>Adem\u00e1s, el Intendente acompa\u00f1\u00f3 al funcionario nacional a supervisar un operativo de saturaci\u00f3n que se est\u00e1 realizando en la avenida 6 de Julio y Yaquem\u00e9.<\/p>\n\n\n\n<p>Al finalizar la reuni\u00f3n, Burzaco transmiti\u00f3 todo el apoyo de las fuerzas de seguridad nacionales a fin de seguir transformando a Campana en una ciudad m\u00e1s segura.<\/p>\n\n\n\n<p>Fuente: Campana Noticias<\/p>\n\n\n\n<figure class=\"wp-block-image\"><img decoding=\"async\" width=\"470\" height=\"169\" data-attachment-id=\"59458\" data-permalink=\"https:\/\/eldiariodesanpedro.com.ar\/sitio\/campana-prefectura-intensificara-su-presencia-en-la-ciudad\/attachment\/20190904060143\/\" data-orig-file=\"https:\/\/eldiariodesanpedro.com.ar\/sitio\/wp-content\/uploads\/2019\/09\/20190904060143.jpg\" data-orig-size=\"470,169\" data-comments-opened=\"1\" data-image-meta=\"{&quot;aperture&quot;:&quot;4&quot;,&quot;credit&quot;:&quot;&quot;,&quot;camera&quot;:&quot;Canon EOS 6D&quot;,&quot;caption&quot;:&quot;&quot;,&quot;created_timestamp&quot;:&quot;1567442115&quot;,&quot;copyright&quot;:&quot;&quot;,&quot;focal_length&quot;:&quot;24&quot;,&quot;iso&quot;:&quot;200&quot;,&quot;shutter_speed&quot;:&quot;0.0015625&quot;,&quot;title&quot;:&quot;&quot;,&quot;orientation&quot;:&quot;0&quot;}\" data-image-title=\"20190904060143\" data-image-description=\"\" data-image-caption=\"\" data-large-file=\"https:\/\/eldiariodesanpedro.com.ar\/sitio\/wp-content\/uploads\/2019\/09\/20190904060143.jpg\" data-src=\"https:\/\/eldiariodesanpedro.com.ar\/sitio\/wp-content\/uploads\/2019\/09\/20190904060143.jpg\" alt=\"\" class=\"wp-image-59458 lazyload\" data-srcset=\"https:\/\/eldiariodesanpedro.com.ar\/sitio\/wp-content\/uploads\/2019\/09\/20190904060143.jpg 470w, https:\/\/eldiariodesanpedro.com.ar\/sitio\/wp-content\/uploads\/2019\/09\/20190904060143-300x108.jpg 300w\" data-sizes=\"(max-width: 470px) 100vw, 470px\" src=\"data:image\/svg+xml;base64,PHN2ZyB3aWR0aD0iMSIgaGVpZ2h0PSIxIiB4bWxucz0iaHR0cDovL3d3dy53My5vcmcvMjAwMC9zdmciPjwvc3ZnPg==\" style=\"--smush-placeholder-width: 470px; --smush-placeholder-aspect-ratio: 470\/169;\" \/><\/figure>\n","protected":false},"excerpt":{"rendered":"<p>As\u00ed lo acordaron el Intendente Abella y el secretario de Seguridad de la Naci\u00f3n Burzaco a los efectos de seguir mejorando la seguridad. El intendente Sebasti\u00e1n Abella y el secretario de Seguridad de la Naci\u00f3n, Eugenio Burzaco, mantuvieron una reuni\u00f3n en la que coordinaron acciones conjuntas para intensificar la presencia de Prefectura en la ciudad. [&hellip;]<\/p>\n","protected":false},"author":4,"featured_media":59457,"comment_status":"open","ping_status":"closed","sticky":false,"template":"","format":"standard","meta":{"om_disable_all_campaigns":false,"_jetpack_memberships_contains_paid_content":false,"footnotes":""},"categories":[621],"tags":[],"class_list":["post-59456","post","type-post","status-publish","format-standard","has-post-thumbnail","hentry","category-regionales"],"aioseo_notices":[],"gutentor_comment":0,"jetpack_featured_media_url":"https:\/\/eldiariodesanpedro.com.ar\/sitio\/wp-content\/uploads\/2019\/09\/20190904041310.jpg","jetpack_shortlink":"https:\/\/wp.me\/p6RhLt-fsY","jetpack_sharing_enabled":true,"_links":{"self":[{"href":"https:\/\/eldiariodesanpedro.com.ar\/sitio\/wp-json\/wp\/v2\/posts\/59456","targetHints":{"allow":["GET"]}}],"collection":[{"href":"https:\/\/eldiariodesanpedro.com.ar\/sitio\/wp-json\/wp\/v2\/posts"}],"about":[{"href":"https:\/\/eldiariodesanpedro.com.ar\/sitio\/wp-json\/wp\/v2\/types\/post"}],"author":[{"embeddable":true,"href":"https:\/\/eldiariodesanpedro.com.ar\/sitio\/wp-json\/wp\/v2\/users\/4"}],"replies":[{"embeddable":true,"href":"https:\/\/eldiariodesanpedro.com.ar\/sitio\/wp-json\/wp\/v2\/comments?post=59456"}],"version-history":[{"count":1,"href":"https:\/\/eldiariodesanpedro.com.ar\/sitio\/wp-json\/wp\/v2\/posts\/59456\/revisions"}],"predecessor-version":[{"id":59459,"href":"https:\/\/eldiariodesanpedro.com.ar\/sitio\/wp-json\/wp\/v2\/posts\/59456\/revisions\/59459"}],"wp:featuredmedia":[{"embeddable":true,"href":"https:\/\/eldiariodesanpedro.com.ar\/sitio\/wp-json\/wp\/v2\/media\/59457"}],"wp:attachment":[{"href":"https:\/\/eldiariodesanpedro.com.ar\/sitio\/wp-json\/wp\/v2\/media?parent=59456"}],"wp:term":[{"taxonomy":"category","embeddable":true,"href":"https:\/\/eldiariodesanpedro.com.ar\/sitio\/wp-json\/wp\/v2\/categories?post=59456"},{"taxonomy":"post_tag","embeddable":true,"href":"https:\/\/eldiariodesanpedro.com.ar\/sitio\/wp-json\/wp\/v2\/tags?post=59456"}],"curies":[{"name":"wp","href":"https:\/\/api.w.org\/{rel}","templated":true}]}}