{"id":59451,"date":"2019-09-05T10:49:58","date_gmt":"2019-09-05T13:49:58","guid":{"rendered":"https:\/\/eldiariodesanpedro.com.ar\/sitio\/?p=59451"},"modified":"2019-09-05T10:50:02","modified_gmt":"2019-09-05T13:50:02","slug":"san-nicolas-bo-san-francisco-desbaratan-banda-dedicada-al-narcomenudeo-y-robo-de-motos","status":"publish","type":"post","link":"https:\/\/eldiariodesanpedro.com.ar\/sitio\/san-nicolas-bo-san-francisco-desbaratan-banda-dedicada-al-narcomenudeo-y-robo-de-motos\/","title":{"rendered":"SAN NICOLAS | B\u00ba San Francisco: Desbaratan banda dedicada al narcomenudeo y robo de motos"},"content":{"rendered":"<!-- VideographyWP Plugin Message: Automatic video embedding prevented by plugin options. -->\n\n<p>\n\nEn el marco de dos allanamientos que se realizaron en las \u00faltimas horas, tres personas fueron aprehendidas. Se secuestraron armas de fuego, droga y una motocicleta que hab\u00eda sido robada. Uno de los imputados es un soldado voluntario del Cuartel de San Nicol\u00e1s.<\/p>\n\n\n\n<p>A ra\u00edz de un hecho de Hurto de motocicleta ocurrido el pasado 27 de agosto de este a\u00f1o, se inici\u00f3 una investigaci\u00f3n a cargo de la fiscal\u00eda N\u00ba 1 y N\u00ba 6, junto a personal de Comisar\u00eda Segunda y Comando Patrulla.<\/p>\n\n\n\n<p>De los datos recabados, se constat\u00f3 que se trata de una banda nicole\u00f1a dedicada al narcomenudeo y robo de motocicletas.<\/p>\n\n\n\n<p>Tras solicitarse dos \u00f3rdenes de allanamiento en barrio San Francisco, otorgadas por el Juzgado de Garant\u00edas, se logr\u00f3 la aprehensi\u00f3n de tres personas involucradas en dichos delitos.<\/p>\n\n\n\n<p>Una de las diligencias, se concret\u00f3 en calle Reynoso 1748, donde se procedi\u00f3 al secuestro de una escopeta de 2 ca\u00f1os calibre 16 serie 3030; una escopeta Invicto de 1 ca\u00f1o calibre 16; una carabina calibre 22; varios proyectiles y se logr\u00f3 la aprehensi\u00f3n de Facundo Gaspar Escobar de 27 a\u00f1os.<\/p>\n\n\n\n<p>El segundo allanamiento se realiz\u00f3 en calle Rucci al 214. Se secuestr\u00f3 una motocicleta marca Honda con pedido de secuestro activo a solicitud UFI 1 por el delito de Hurto desde el 31 de mayo del 2019; 16 envoltorios de coca\u00edna (10grs); 2 trozos compactos de coca\u00edna (26grs); $8.600 y se procedi\u00f3 a la aprehensi\u00f3n de Cristi\u00e1n David Acosta de 21 a\u00f1os y soldado voluntario del Cuartel San Nicol\u00e1s y Agustina Micaela Gonz\u00e1lez de 19 a\u00f1os.<\/p>\n\n\n\n<p>Los tres sujetos quedaron imputados por Encubrimiento, Hurto Esclarecido, Infracci\u00f3n Ley 23.737, Tenencia Ilegal de Arma de Fuego. <\/p>\n\n\n\n<p>Fuente: Diario El Informante<\/p>\n\n\n\n<figure class=\"wp-block-image\"><img decoding=\"async\" width=\"700\" height=\"394\" data-attachment-id=\"59452\" data-permalink=\"https:\/\/eldiariodesanpedro.com.ar\/sitio\/san-nicolas-bo-san-francisco-desbaratan-banda-dedicada-al-narcomenudeo-y-robo-de-motos\/conmarca21946\/\" data-orig-file=\"https:\/\/eldiariodesanpedro.com.ar\/sitio\/wp-content\/uploads\/2019\/09\/conmarca21946.jpg\" data-orig-size=\"700,394\" data-comments-opened=\"1\" data-image-meta=\"{&quot;aperture&quot;:&quot;0&quot;,&quot;credit&quot;:&quot;&quot;,&quot;camera&quot;:&quot;&quot;,&quot;caption&quot;:&quot;&quot;,&quot;created_timestamp&quot;:&quot;0&quot;,&quot;copyright&quot;:&quot;&quot;,&quot;focal_length&quot;:&quot;0&quot;,&quot;iso&quot;:&quot;0&quot;,&quot;shutter_speed&quot;:&quot;0&quot;,&quot;title&quot;:&quot;&quot;,&quot;orientation&quot;:&quot;0&quot;}\" data-image-title=\"conmarca21946\" data-image-description=\"\" data-image-caption=\"\" data-large-file=\"https:\/\/eldiariodesanpedro.com.ar\/sitio\/wp-content\/uploads\/2019\/09\/conmarca21946.jpg\" data-src=\"https:\/\/eldiariodesanpedro.com.ar\/sitio\/wp-content\/uploads\/2019\/09\/conmarca21946.jpg\" alt=\"\" class=\"wp-image-59452 lazyload\" data-srcset=\"https:\/\/eldiariodesanpedro.com.ar\/sitio\/wp-content\/uploads\/2019\/09\/conmarca21946.jpg 700w, https:\/\/eldiariodesanpedro.com.ar\/sitio\/wp-content\/uploads\/2019\/09\/conmarca21946-300x169.jpg 300w\" data-sizes=\"(max-width: 700px) 100vw, 700px\" src=\"data:image\/svg+xml;base64,PHN2ZyB3aWR0aD0iMSIgaGVpZ2h0PSIxIiB4bWxucz0iaHR0cDovL3d3dy53My5vcmcvMjAwMC9zdmciPjwvc3ZnPg==\" style=\"--smush-placeholder-width: 700px; --smush-placeholder-aspect-ratio: 700\/394;\" \/><\/figure>\n\n\n\n<figure class=\"wp-block-image\"><img decoding=\"async\" width=\"700\" height=\"394\" data-attachment-id=\"59453\" data-permalink=\"https:\/\/eldiariodesanpedro.com.ar\/sitio\/san-nicolas-bo-san-francisco-desbaratan-banda-dedicada-al-narcomenudeo-y-robo-de-motos\/conmarca21948\/\" data-orig-file=\"https:\/\/eldiariodesanpedro.com.ar\/sitio\/wp-content\/uploads\/2019\/09\/conmarca21948.jpg\" data-orig-size=\"700,394\" data-comments-opened=\"1\" data-image-meta=\"{&quot;aperture&quot;:&quot;0&quot;,&quot;credit&quot;:&quot;&quot;,&quot;camera&quot;:&quot;&quot;,&quot;caption&quot;:&quot;&quot;,&quot;created_timestamp&quot;:&quot;0&quot;,&quot;copyright&quot;:&quot;&quot;,&quot;focal_length&quot;:&quot;0&quot;,&quot;iso&quot;:&quot;0&quot;,&quot;shutter_speed&quot;:&quot;0&quot;,&quot;title&quot;:&quot;&quot;,&quot;orientation&quot;:&quot;0&quot;}\" data-image-title=\"conmarca21948\" data-image-description=\"\" data-image-caption=\"\" data-large-file=\"https:\/\/eldiariodesanpedro.com.ar\/sitio\/wp-content\/uploads\/2019\/09\/conmarca21948.jpg\" data-src=\"https:\/\/eldiariodesanpedro.com.ar\/sitio\/wp-content\/uploads\/2019\/09\/conmarca21948.jpg\" alt=\"\" class=\"wp-image-59453 lazyload\" data-srcset=\"https:\/\/eldiariodesanpedro.com.ar\/sitio\/wp-content\/uploads\/2019\/09\/conmarca21948.jpg 700w, https:\/\/eldiariodesanpedro.com.ar\/sitio\/wp-content\/uploads\/2019\/09\/conmarca21948-300x169.jpg 300w\" data-sizes=\"(max-width: 700px) 100vw, 700px\" src=\"data:image\/svg+xml;base64,PHN2ZyB3aWR0aD0iMSIgaGVpZ2h0PSIxIiB4bWxucz0iaHR0cDovL3d3dy53My5vcmcvMjAwMC9zdmciPjwvc3ZnPg==\" style=\"--smush-placeholder-width: 700px; --smush-placeholder-aspect-ratio: 700\/394;\" \/><\/figure>\n","protected":false},"excerpt":{"rendered":"<p>En el marco de dos allanamientos que se realizaron en las \u00faltimas horas, tres personas fueron aprehendidas. Se secuestraron armas de fuego, droga y una motocicleta que hab\u00eda sido robada. Uno de los imputados es un soldado voluntario del Cuartel de San Nicol\u00e1s. A ra\u00edz de un hecho de Hurto de motocicleta ocurrido el pasado [&hellip;]<\/p>\n","protected":false},"author":4,"featured_media":59454,"comment_status":"open","ping_status":"closed","sticky":false,"template":"","format":"standard","meta":{"om_disable_all_campaigns":false,"_jetpack_memberships_contains_paid_content":false,"footnotes":""},"categories":[621],"tags":[],"class_list":["post-59451","post","type-post","status-publish","format-standard","has-post-thumbnail","hentry","category-regionales"],"aioseo_notices":[],"gutentor_comment":0,"jetpack_featured_media_url":"https:\/\/eldiariodesanpedro.com.ar\/sitio\/wp-content\/uploads\/2019\/09\/conmarca21949.jpg","jetpack_shortlink":"https:\/\/wp.me\/p6RhLt-fsT","jetpack_sharing_enabled":true,"_links":{"self":[{"href":"https:\/\/eldiariodesanpedro.com.ar\/sitio\/wp-json\/wp\/v2\/posts\/59451","targetHints":{"allow":["GET"]}}],"collection":[{"href":"https:\/\/eldiariodesanpedro.com.ar\/sitio\/wp-json\/wp\/v2\/posts"}],"about":[{"href":"https:\/\/eldiariodesanpedro.com.ar\/sitio\/wp-json\/wp\/v2\/types\/post"}],"author":[{"embeddable":true,"href":"https:\/\/eldiariodesanpedro.com.ar\/sitio\/wp-json\/wp\/v2\/users\/4"}],"replies":[{"embeddable":true,"href":"https:\/\/eldiariodesanpedro.com.ar\/sitio\/wp-json\/wp\/v2\/comments?post=59451"}],"version-history":[{"count":1,"href":"https:\/\/eldiariodesanpedro.com.ar\/sitio\/wp-json\/wp\/v2\/posts\/59451\/revisions"}],"predecessor-version":[{"id":59455,"href":"https:\/\/eldiariodesanpedro.com.ar\/sitio\/wp-json\/wp\/v2\/posts\/59451\/revisions\/59455"}],"wp:featuredmedia":[{"embeddable":true,"href":"https:\/\/eldiariodesanpedro.com.ar\/sitio\/wp-json\/wp\/v2\/media\/59454"}],"wp:attachment":[{"href":"https:\/\/eldiariodesanpedro.com.ar\/sitio\/wp-json\/wp\/v2\/media?parent=59451"}],"wp:term":[{"taxonomy":"category","embeddable":true,"href":"https:\/\/eldiariodesanpedro.com.ar\/sitio\/wp-json\/wp\/v2\/categories?post=59451"},{"taxonomy":"post_tag","embeddable":true,"href":"https:\/\/eldiariodesanpedro.com.ar\/sitio\/wp-json\/wp\/v2\/tags?post=59451"}],"curies":[{"name":"wp","href":"https:\/\/api.w.org\/{rel}","templated":true}]}}