{"id":59447,"date":"2019-09-05T10:47:29","date_gmt":"2019-09-05T13:47:29","guid":{"rendered":"https:\/\/eldiariodesanpedro.com.ar\/sitio\/?p=59447"},"modified":"2019-09-05T10:47:33","modified_gmt":"2019-09-05T13:47:33","slug":"san-nicolas-falso-vendedor-de-bolsas-de-residuos-le-robo-a-un-jubilado","status":"publish","type":"post","link":"https:\/\/eldiariodesanpedro.com.ar\/sitio\/san-nicolas-falso-vendedor-de-bolsas-de-residuos-le-robo-a-un-jubilado\/","title":{"rendered":"SAN NICOL\u00c1S | Falso vendedor de bolsas de residuos le rob\u00f3 a un jubilado"},"content":{"rendered":"<!-- VideographyWP Plugin Message: Automatic video embedding prevented by plugin options. -->\n\n<p>\n\nEl hecho ocurri\u00f3 en un domicilio de calle \u00c1lvarez al 550 aproximadamente. La v\u00edctima es una persona de 89 a\u00f1os quien sufri\u00f3 heridas en el robo. Gracias a una r\u00e1pida investigaci\u00f3n pudieron dar con el responsable del hecho.<\/p>\n\n\n\n<p>El imputado es un joven de 35 a\u00f1os identificado como Cristian Santillan. De las tareas investigas se desprendi\u00f3 que el sujeto se dedicaba a la venta ambulante de bolsas de residuos, utilizando este tipo de comercio clandestino para estudiar previamente a los vecinos, identificando a personas solitarias o vulnerables con el fin de cometer il\u00edcitos.<\/p>\n\n\n\n<p>Fue as\u00ed que este mi\u00e9rcoles, atac\u00f3 a un abuelo de 89 a\u00f1os en su domicilio, le rob\u00f3 $2500 y lo lastim\u00f3 en sus manos con un arma blanca.<\/p>\n\n\n\n<p>Realizada la denuncia, se logr\u00f3 la identificaci\u00f3n del delincuente, pudiendo aprehenderlo en inmediaciones de calle Echeverr\u00eda y Jos\u00e9 Ingenieros. En su poder, se secuestr\u00f3 la totalidad del dinero sustra\u00eddo.<\/p>\n\n\n\n<p>La v\u00edctima fue asistida en el nosocomio local, donde le practicaron curaciones. Las heridas fueron de car\u00e1cter leves. <\/p>\n\n\n\n<p>Fuente: Diario El Informante<\/p>\n","protected":false},"excerpt":{"rendered":"<p>El hecho ocurri\u00f3 en un domicilio de calle \u00c1lvarez al 550 aproximadamente. La v\u00edctima es una persona de 89 a\u00f1os quien sufri\u00f3 heridas en el robo. Gracias a una r\u00e1pida investigaci\u00f3n pudieron dar con el responsable del hecho. El imputado es un joven de 35 a\u00f1os identificado como Cristian Santillan. De las tareas investigas se [&hellip;]<\/p>\n","protected":false},"author":4,"featured_media":59448,"comment_status":"open","ping_status":"closed","sticky":false,"template":"","format":"standard","meta":{"om_disable_all_campaigns":false,"_jetpack_memberships_contains_paid_content":false,"footnotes":""},"categories":[621],"tags":[],"class_list":["post-59447","post","type-post","status-publish","format-standard","has-post-thumbnail","hentry","category-regionales"],"aioseo_notices":[],"gutentor_comment":0,"jetpack_featured_media_url":"https:\/\/eldiariodesanpedro.com.ar\/sitio\/wp-content\/uploads\/2019\/09\/conmarca21943.jpg","jetpack_shortlink":"https:\/\/wp.me\/p6RhLt-fsP","jetpack_sharing_enabled":true,"_links":{"self":[{"href":"https:\/\/eldiariodesanpedro.com.ar\/sitio\/wp-json\/wp\/v2\/posts\/59447","targetHints":{"allow":["GET"]}}],"collection":[{"href":"https:\/\/eldiariodesanpedro.com.ar\/sitio\/wp-json\/wp\/v2\/posts"}],"about":[{"href":"https:\/\/eldiariodesanpedro.com.ar\/sitio\/wp-json\/wp\/v2\/types\/post"}],"author":[{"embeddable":true,"href":"https:\/\/eldiariodesanpedro.com.ar\/sitio\/wp-json\/wp\/v2\/users\/4"}],"replies":[{"embeddable":true,"href":"https:\/\/eldiariodesanpedro.com.ar\/sitio\/wp-json\/wp\/v2\/comments?post=59447"}],"version-history":[{"count":1,"href":"https:\/\/eldiariodesanpedro.com.ar\/sitio\/wp-json\/wp\/v2\/posts\/59447\/revisions"}],"predecessor-version":[{"id":59450,"href":"https:\/\/eldiariodesanpedro.com.ar\/sitio\/wp-json\/wp\/v2\/posts\/59447\/revisions\/59450"}],"wp:featuredmedia":[{"embeddable":true,"href":"https:\/\/eldiariodesanpedro.com.ar\/sitio\/wp-json\/wp\/v2\/media\/59448"}],"wp:attachment":[{"href":"https:\/\/eldiariodesanpedro.com.ar\/sitio\/wp-json\/wp\/v2\/media?parent=59447"}],"wp:term":[{"taxonomy":"category","embeddable":true,"href":"https:\/\/eldiariodesanpedro.com.ar\/sitio\/wp-json\/wp\/v2\/categories?post=59447"},{"taxonomy":"post_tag","embeddable":true,"href":"https:\/\/eldiariodesanpedro.com.ar\/sitio\/wp-json\/wp\/v2\/tags?post=59447"}],"curies":[{"name":"wp","href":"https:\/\/api.w.org\/{rel}","templated":true}]}}