{"id":59441,"date":"2019-09-05T10:34:05","date_gmt":"2019-09-05T13:34:05","guid":{"rendered":"https:\/\/eldiariodesanpedro.com.ar\/sitio\/?p=59441"},"modified":"2019-09-05T10:34:09","modified_gmt":"2019-09-05T13:34:09","slug":"robaron-varios-plantines-de-un-vivero","status":"publish","type":"post","link":"https:\/\/eldiariodesanpedro.com.ar\/sitio\/robaron-varios-plantines-de-un-vivero\/","title":{"rendered":"Robaron varios plantines de un vivero"},"content":{"rendered":"<!-- VideographyWP Plugin Message: Automatic video embedding prevented by plugin options. -->\n\n<p>Este mi\u00e9rcoles un ciudadano de 63 a\u00f1os de edad, quien se desempe\u00f1a laboral mente en un vivero,  radico su denuncia al constatar el faltante de varios plantines.<\/p>\n\n\n\n<p>Sucedi\u00f3 por la madrugada del mi\u00e9rcoles, camino a Espinillo, delincuentes ignorados sustrajeron plantines de diferentes plantas como Buzo, Laurentino, Olea, Cipres.<\/p>\n\n\n\n<p>El hecho esta siendo investigado por la fiscalia en turno<br><\/p>\n","protected":false},"excerpt":{"rendered":"<p>Este mi\u00e9rcoles un ciudadano de 63 a\u00f1os de edad, quien se desempe\u00f1a laboral mente en un vivero, radico su denuncia al constatar el faltante de varios plantines. Sucedi\u00f3 por la madrugada del mi\u00e9rcoles, camino a Espinillo, delincuentes ignorados sustrajeron plantines de diferentes plantas como Buzo, Laurentino, Olea, Cipres. El hecho esta siendo investigado por la [&hellip;]<\/p>\n","protected":false},"author":4,"featured_media":59442,"comment_status":"open","ping_status":"closed","sticky":false,"template":"","format":"standard","meta":{"om_disable_all_campaigns":false,"_jetpack_memberships_contains_paid_content":false,"footnotes":""},"categories":[2,103],"tags":[],"class_list":["post-59441","post","type-post","status-publish","format-standard","has-post-thumbnail","hentry","category-locales","category-policiales-locales"],"aioseo_notices":[],"gutentor_comment":0,"jetpack_featured_media_url":"https:\/\/eldiariodesanpedro.com.ar\/sitio\/wp-content\/uploads\/2019\/09\/laurentino-3-l-arbusto-cerco-alto-planta-exterior-D_NQ_NP_909107-MLA25641863647_062017-F.jpg","jetpack_shortlink":"https:\/\/wp.me\/p6RhLt-fsJ","jetpack_sharing_enabled":true,"_links":{"self":[{"href":"https:\/\/eldiariodesanpedro.com.ar\/sitio\/wp-json\/wp\/v2\/posts\/59441","targetHints":{"allow":["GET"]}}],"collection":[{"href":"https:\/\/eldiariodesanpedro.com.ar\/sitio\/wp-json\/wp\/v2\/posts"}],"about":[{"href":"https:\/\/eldiariodesanpedro.com.ar\/sitio\/wp-json\/wp\/v2\/types\/post"}],"author":[{"embeddable":true,"href":"https:\/\/eldiariodesanpedro.com.ar\/sitio\/wp-json\/wp\/v2\/users\/4"}],"replies":[{"embeddable":true,"href":"https:\/\/eldiariodesanpedro.com.ar\/sitio\/wp-json\/wp\/v2\/comments?post=59441"}],"version-history":[{"count":1,"href":"https:\/\/eldiariodesanpedro.com.ar\/sitio\/wp-json\/wp\/v2\/posts\/59441\/revisions"}],"predecessor-version":[{"id":59443,"href":"https:\/\/eldiariodesanpedro.com.ar\/sitio\/wp-json\/wp\/v2\/posts\/59441\/revisions\/59443"}],"wp:featuredmedia":[{"embeddable":true,"href":"https:\/\/eldiariodesanpedro.com.ar\/sitio\/wp-json\/wp\/v2\/media\/59442"}],"wp:attachment":[{"href":"https:\/\/eldiariodesanpedro.com.ar\/sitio\/wp-json\/wp\/v2\/media?parent=59441"}],"wp:term":[{"taxonomy":"category","embeddable":true,"href":"https:\/\/eldiariodesanpedro.com.ar\/sitio\/wp-json\/wp\/v2\/categories?post=59441"},{"taxonomy":"post_tag","embeddable":true,"href":"https:\/\/eldiariodesanpedro.com.ar\/sitio\/wp-json\/wp\/v2\/tags?post=59441"}],"curies":[{"name":"wp","href":"https:\/\/api.w.org\/{rel}","templated":true}]}}