{"id":59437,"date":"2019-09-05T10:12:03","date_gmt":"2019-09-05T13:12:03","guid":{"rendered":"https:\/\/eldiariodesanpedro.com.ar\/sitio\/?p=59437"},"modified":"2019-09-05T10:12:08","modified_gmt":"2019-09-05T13:12:08","slug":"dos-aprehendidos-por-tenencia-de-marihuana","status":"publish","type":"post","link":"https:\/\/eldiariodesanpedro.com.ar\/sitio\/dos-aprehendidos-por-tenencia-de-marihuana\/","title":{"rendered":"Dos aprehendidos por tenencia de marihuana"},"content":{"rendered":"<!-- VideographyWP Plugin Message: Automatic video embedding prevented by plugin options. -->\n\n<p>Dos j\u00f3venes fueron aprehendidos por la noche de este mi\u00e9rcoles por poseer baguyos de marihuana entre sus ropas. Infracci\u00f3n a la Ley 23.737<\/p>\n\n\n\n<p>Personal de comisaria que se encontraba en recorrida habitual procedi\u00f3 a interceptar un joven de 26 a\u00f1os de edad, quien tras cursar sus datos para su identificaci\u00f3n se constato que entre sus prendas llevaba baguyos de marihuana.<\/p>\n\n\n\n<p>Fue aprehendido y alojado en la dependencia local.<\/p>\n\n\n\n<p>Luego en calle Manuel Iglesias, un joven de 25 fue aprehendido tambi\u00e9n por poseer baguyos de la misma sustancia.<\/p>\n\n\n\n<p>Intyervino la UFI N\u00ba11<\/p>\n","protected":false},"excerpt":{"rendered":"<p>Dos j\u00f3venes fueron aprehendidos por la noche de este mi\u00e9rcoles por poseer baguyos de marihuana entre sus ropas. Infracci\u00f3n a la Ley 23.737 Personal de comisaria que se encontraba en recorrida habitual procedi\u00f3 a interceptar un joven de 26 a\u00f1os de edad, quien tras cursar sus datos para su identificaci\u00f3n se constato que entre sus [&hellip;]<\/p>\n","protected":false},"author":4,"featured_media":59439,"comment_status":"open","ping_status":"closed","sticky":false,"template":"","format":"standard","meta":{"om_disable_all_campaigns":false,"_jetpack_memberships_contains_paid_content":false,"footnotes":""},"categories":[2,103],"tags":[],"class_list":["post-59437","post","type-post","status-publish","format-standard","has-post-thumbnail","hentry","category-locales","category-policiales-locales"],"aioseo_notices":[],"gutentor_comment":0,"jetpack_featured_media_url":"https:\/\/eldiariodesanpedro.com.ar\/sitio\/wp-content\/uploads\/2019\/09\/JOVENES-DETENIDOS-POLICIA-RURAL-DROGA-1.jpg","jetpack_shortlink":"https:\/\/wp.me\/p6RhLt-fsF","jetpack_sharing_enabled":true,"_links":{"self":[{"href":"https:\/\/eldiariodesanpedro.com.ar\/sitio\/wp-json\/wp\/v2\/posts\/59437","targetHints":{"allow":["GET"]}}],"collection":[{"href":"https:\/\/eldiariodesanpedro.com.ar\/sitio\/wp-json\/wp\/v2\/posts"}],"about":[{"href":"https:\/\/eldiariodesanpedro.com.ar\/sitio\/wp-json\/wp\/v2\/types\/post"}],"author":[{"embeddable":true,"href":"https:\/\/eldiariodesanpedro.com.ar\/sitio\/wp-json\/wp\/v2\/users\/4"}],"replies":[{"embeddable":true,"href":"https:\/\/eldiariodesanpedro.com.ar\/sitio\/wp-json\/wp\/v2\/comments?post=59437"}],"version-history":[{"count":1,"href":"https:\/\/eldiariodesanpedro.com.ar\/sitio\/wp-json\/wp\/v2\/posts\/59437\/revisions"}],"predecessor-version":[{"id":59440,"href":"https:\/\/eldiariodesanpedro.com.ar\/sitio\/wp-json\/wp\/v2\/posts\/59437\/revisions\/59440"}],"wp:featuredmedia":[{"embeddable":true,"href":"https:\/\/eldiariodesanpedro.com.ar\/sitio\/wp-json\/wp\/v2\/media\/59439"}],"wp:attachment":[{"href":"https:\/\/eldiariodesanpedro.com.ar\/sitio\/wp-json\/wp\/v2\/media?parent=59437"}],"wp:term":[{"taxonomy":"category","embeddable":true,"href":"https:\/\/eldiariodesanpedro.com.ar\/sitio\/wp-json\/wp\/v2\/categories?post=59437"},{"taxonomy":"post_tag","embeddable":true,"href":"https:\/\/eldiariodesanpedro.com.ar\/sitio\/wp-json\/wp\/v2\/tags?post=59437"}],"curies":[{"name":"wp","href":"https:\/\/api.w.org\/{rel}","templated":true}]}}