{"id":59434,"date":"2019-09-05T09:51:35","date_gmt":"2019-09-05T12:51:35","guid":{"rendered":"https:\/\/eldiariodesanpedro.com.ar\/sitio\/?p=59434"},"modified":"2019-09-05T09:51:39","modified_gmt":"2019-09-05T12:51:39","slug":"la-defensoria-reclamo-que-la-anses-pague-haberes-adeudados-por-un-cambio-en-las-liquidaciones","status":"publish","type":"post","link":"https:\/\/eldiariodesanpedro.com.ar\/sitio\/la-defensoria-reclamo-que-la-anses-pague-haberes-adeudados-por-un-cambio-en-las-liquidaciones\/","title":{"rendered":"La Defensor\u00eda reclam\u00f3 que la Anses pague haberes adeudados por un cambio en las liquidaciones"},"content":{"rendered":"<!-- VideographyWP Plugin Message: Automatic video embedding prevented by plugin options. -->\n\n<p>El Defensor del Pueblo bonaerense, Guido Lorenzino, le reclam\u00f3 a la Administraci\u00f3n Nacional de la Seguridad Social (Anses) que abone de inmediato los haberes adeudados por las demoras que los cambios en el sistema de liquidaci\u00f3n provocaron en los cronogramas de pagos.<br><\/p>\n\n\n\n<p>La medida tiene que ver con los inconvenientes que gener\u00f3 la incorrecta aplicaci\u00f3n de la unificaci\u00f3n de dos sistemas de liquidaci\u00f3n de haberes, el SUAF y CUNA, que reprogram\u00f3 y suspendi\u00f3 el pago de asignaciones familiares de cientos de miles de ni\u00f1os, ni\u00f1as y adolescentes y personas con discapacidad.<br> <\/p>\n\n\n\n<p>Este nuevo sistema mostr\u00f3 contradicciones en cuanto a las fechas y lugares de cobro de los beneficiarios, pagos desdoblados, y que personas con la misma terminaci\u00f3n de documento cobren en diferentes d\u00edas. <\/p>\n\n\n\n<p>Es por eso que la Defensor\u00eda, mediante una investigaci\u00f3n de oficio, solicit\u00f3 que la Anses se ponga al d\u00eda con los beneficios adeudados, y pidi\u00f3 que se suspenda la aplicaci\u00f3n de esta modalidad de pago hasta que no se perfeccione el sistema. Adem\u00e1s, requiri\u00f3 informes para conocer en detalle las causas de estas falencias y la cantidad de afectados.<br> <\/p>\n\n\n\n<p>\u201cBuscamos resguardar los derechos de los beneficiarios de la Provincia, ya que esta situaci\u00f3n se da en un contexto de una grave crisis econ\u00f3mica, que afecta principalmente a los ni\u00f1os, ni\u00f1as y adolescentes de sectores populares, que son beneficiarios de estas asignaciones, y cuya econom\u00eda de subsistencia se ve gravemente afectada por la improvisaci\u00f3n y desidia en la implementaci\u00f3n de pol\u00edticas p\u00fablicas\u201d, sostuvo Lorenzino.<\/p>\n","protected":false},"excerpt":{"rendered":"<p>El Defensor del Pueblo bonaerense, Guido Lorenzino, le reclam\u00f3 a la Administraci\u00f3n Nacional de la Seguridad Social (Anses) que abone de inmediato los haberes adeudados por las demoras que los cambios en el sistema de liquidaci\u00f3n provocaron en los cronogramas de pagos. La medida tiene que ver con los inconvenientes que gener\u00f3 la incorrecta aplicaci\u00f3n [&hellip;]<\/p>\n","protected":false},"author":4,"featured_media":59435,"comment_status":"open","ping_status":"closed","sticky":false,"template":"","format":"standard","meta":{"om_disable_all_campaigns":false,"_jetpack_memberships_contains_paid_content":false,"footnotes":""},"categories":[621],"tags":[],"class_list":["post-59434","post","type-post","status-publish","format-standard","has-post-thumbnail","hentry","category-regionales"],"aioseo_notices":[],"gutentor_comment":0,"jetpack_featured_media_url":"https:\/\/eldiariodesanpedro.com.ar\/sitio\/wp-content\/uploads\/2019\/09\/SJmtKyiHS-768x460.jpeg","jetpack_shortlink":"https:\/\/wp.me\/p6RhLt-fsC","jetpack_sharing_enabled":true,"_links":{"self":[{"href":"https:\/\/eldiariodesanpedro.com.ar\/sitio\/wp-json\/wp\/v2\/posts\/59434","targetHints":{"allow":["GET"]}}],"collection":[{"href":"https:\/\/eldiariodesanpedro.com.ar\/sitio\/wp-json\/wp\/v2\/posts"}],"about":[{"href":"https:\/\/eldiariodesanpedro.com.ar\/sitio\/wp-json\/wp\/v2\/types\/post"}],"author":[{"embeddable":true,"href":"https:\/\/eldiariodesanpedro.com.ar\/sitio\/wp-json\/wp\/v2\/users\/4"}],"replies":[{"embeddable":true,"href":"https:\/\/eldiariodesanpedro.com.ar\/sitio\/wp-json\/wp\/v2\/comments?post=59434"}],"version-history":[{"count":1,"href":"https:\/\/eldiariodesanpedro.com.ar\/sitio\/wp-json\/wp\/v2\/posts\/59434\/revisions"}],"predecessor-version":[{"id":59436,"href":"https:\/\/eldiariodesanpedro.com.ar\/sitio\/wp-json\/wp\/v2\/posts\/59434\/revisions\/59436"}],"wp:featuredmedia":[{"embeddable":true,"href":"https:\/\/eldiariodesanpedro.com.ar\/sitio\/wp-json\/wp\/v2\/media\/59435"}],"wp:attachment":[{"href":"https:\/\/eldiariodesanpedro.com.ar\/sitio\/wp-json\/wp\/v2\/media?parent=59434"}],"wp:term":[{"taxonomy":"category","embeddable":true,"href":"https:\/\/eldiariodesanpedro.com.ar\/sitio\/wp-json\/wp\/v2\/categories?post=59434"},{"taxonomy":"post_tag","embeddable":true,"href":"https:\/\/eldiariodesanpedro.com.ar\/sitio\/wp-json\/wp\/v2\/tags?post=59434"}],"curies":[{"name":"wp","href":"https:\/\/api.w.org\/{rel}","templated":true}]}}