{"id":59432,"date":"2019-09-05T09:38:18","date_gmt":"2019-09-05T12:38:18","guid":{"rendered":"https:\/\/eldiariodesanpedro.com.ar\/sitio\/?p=59432"},"modified":"2019-09-05T09:38:22","modified_gmt":"2019-09-05T12:38:22","slug":"varias-denuncias-por-amenazas-de-muerte","status":"publish","type":"post","link":"https:\/\/eldiariodesanpedro.com.ar\/sitio\/varias-denuncias-por-amenazas-de-muerte\/","title":{"rendered":"Varias denuncias por amenazas de muerte"},"content":{"rendered":"<!-- VideographyWP Plugin Message: Automatic video embedding prevented by plugin options. -->\n\n<p>Los hechos fueron radicados en la dependencia local este mi\u00e9rcoles por la tarde, se tratar\u00eda de conflictos vecinales.<\/p>\n\n\n\n<p>Primeramente un masculino de 75 a\u00f1os de edad, mientras su hijo menor se encontraba con un amigo jugando en la vereda de su domicilio, sito en calle Pellegrini al 1200, se hace presente un sujeto el cual desconoce circunstancias personales y comienza a amenazar verbalmente a los ni\u00f1os para luego retirarse del lugar.<\/p>\n\n\n\n<p>\u00a0Luego otro masculino de 44, momento en el que se hallaba en su morada de  calle Ruffa al 900, comienza a escuchar a su vecino amenazar a sus hijos por lo que al salir para saber que pasaba este ingresa a la misma y comienza a amenazar de muerte a su dicente y su familia. Problemas de convivencia vecinal.<\/p>\n\n\n\n<p>Por ultimo una femenina de 34, que se hace presente en su vivienda de calle Ruffa 900, masculino al cual reconoce secundado por su hija, ambos vecinos de dicente, momentos que comienzan a agredir y a amenazar verbalmente tanto a esta como a su pareja, luego retir\u00e1ndose del lugar.<\/p>\n","protected":false},"excerpt":{"rendered":"<p>Los hechos fueron radicados en la dependencia local este mi\u00e9rcoles por la tarde, se tratar\u00eda de conflictos vecinales. Primeramente un masculino de 75 a\u00f1os de edad, mientras su hijo menor se encontraba con un amigo jugando en la vereda de su domicilio, sito en calle Pellegrini al 1200, se hace presente un sujeto el cual [&hellip;]<\/p>\n","protected":false},"author":4,"featured_media":58374,"comment_status":"open","ping_status":"closed","sticky":false,"template":"","format":"standard","meta":{"om_disable_all_campaigns":false,"_jetpack_memberships_contains_paid_content":false,"footnotes":""},"categories":[2,103],"tags":[],"class_list":["post-59432","post","type-post","status-publish","format-standard","has-post-thumbnail","hentry","category-locales","category-policiales-locales"],"aioseo_notices":[],"gutentor_comment":0,"jetpack_featured_media_url":"https:\/\/eldiariodesanpedro.com.ar\/sitio\/wp-content\/uploads\/2019\/08\/comisaria-696x510.jpg","jetpack_shortlink":"https:\/\/wp.me\/p6RhLt-fsA","jetpack_sharing_enabled":true,"_links":{"self":[{"href":"https:\/\/eldiariodesanpedro.com.ar\/sitio\/wp-json\/wp\/v2\/posts\/59432","targetHints":{"allow":["GET"]}}],"collection":[{"href":"https:\/\/eldiariodesanpedro.com.ar\/sitio\/wp-json\/wp\/v2\/posts"}],"about":[{"href":"https:\/\/eldiariodesanpedro.com.ar\/sitio\/wp-json\/wp\/v2\/types\/post"}],"author":[{"embeddable":true,"href":"https:\/\/eldiariodesanpedro.com.ar\/sitio\/wp-json\/wp\/v2\/users\/4"}],"replies":[{"embeddable":true,"href":"https:\/\/eldiariodesanpedro.com.ar\/sitio\/wp-json\/wp\/v2\/comments?post=59432"}],"version-history":[{"count":1,"href":"https:\/\/eldiariodesanpedro.com.ar\/sitio\/wp-json\/wp\/v2\/posts\/59432\/revisions"}],"predecessor-version":[{"id":59433,"href":"https:\/\/eldiariodesanpedro.com.ar\/sitio\/wp-json\/wp\/v2\/posts\/59432\/revisions\/59433"}],"wp:featuredmedia":[{"embeddable":true,"href":"https:\/\/eldiariodesanpedro.com.ar\/sitio\/wp-json\/wp\/v2\/media\/58374"}],"wp:attachment":[{"href":"https:\/\/eldiariodesanpedro.com.ar\/sitio\/wp-json\/wp\/v2\/media?parent=59432"}],"wp:term":[{"taxonomy":"category","embeddable":true,"href":"https:\/\/eldiariodesanpedro.com.ar\/sitio\/wp-json\/wp\/v2\/categories?post=59432"},{"taxonomy":"post_tag","embeddable":true,"href":"https:\/\/eldiariodesanpedro.com.ar\/sitio\/wp-json\/wp\/v2\/tags?post=59432"}],"curies":[{"name":"wp","href":"https:\/\/api.w.org\/{rel}","templated":true}]}}