{"id":59428,"date":"2019-09-05T09:20:56","date_gmt":"2019-09-05T12:20:56","guid":{"rendered":"https:\/\/eldiariodesanpedro.com.ar\/sitio\/?p=59428"},"modified":"2019-09-05T09:21:01","modified_gmt":"2019-09-05T12:21:01","slug":"visita-cientifica-al-museo-paleontologico-estudio-del-canido-fosil-de-san-pedro","status":"publish","type":"post","link":"https:\/\/eldiariodesanpedro.com.ar\/sitio\/visita-cientifica-al-museo-paleontologico-estudio-del-canido-fosil-de-san-pedro\/","title":{"rendered":"Visita cient\u00edfica al museo Paleontologico estudio del C\u00e1nido F\u00f3sil de San Pedro"},"content":{"rendered":"<!-- VideographyWP Plugin Message: Automatic video embedding prevented by plugin options. -->\n\n<p>En estos d\u00edas, el Museo Paleontol\u00f3gico de San Pedro recibi\u00f3 la visita del\u00a0<strong>Dr. Dami\u00e1n Ruiz Ramoni<\/strong>, oriundo de Venezuela, interesado en analizar y estudiar el ejemplar de\u00a0<strong><em>Theriodictis platensis<\/em><\/strong>\u00a0que resguarda el museo.\u00a0<strong>Uno de los c\u00e1nidos f\u00f3siles m\u00e1s completos de Sudam\u00e9rica.<\/strong><\/p>\n\n\n\n<p>El cient\u00edfico, que se encuentra en nuestro pa\u00eds realizando un post doctorado del CONICET en el CRILAR (Centro Regional de Investigaciones de La Rioja), colaborando con el equipo del Dr. Francisco Prevosti, lleg\u00f3 a San Pedro interesado en el animal que el\u00a0<strong>Grupo Conservacionista de F\u00f3siles<\/strong>\u00a0descubri\u00f3 en una cantera abandonada en cercan\u00edas de la localidad de R\u00edo Tala, en octubre del a\u00f1o 2.000.<\/p>\n\n\n\n<p>La visita de Ramoni permiti\u00f3 sumar nuevos datos a los que ya se ten\u00edan de este animal. Se sab\u00eda que vivi\u00f3 hace unos\u00a0<strong>700.000 a\u00f1os<\/strong>, que fue un ejemplar<strong>\u00a0adulto joven<\/strong>,\u00a0<strong>macho<\/strong>\u00a0y que habr\u00eda tenido un final relativamente tranquilo por la posici\u00f3n en la que se lo descubri\u00f3.\u00a0<\/p>\n\n\n\n<p>Ahora se logr\u00f3 saber que\u00a0<strong>pesaba algo m\u00e1s de 32 kilogramos<\/strong>\u00a0y que tuvo una\u00a0<strong>fuerte infecci\u00f3n<\/strong>\u00a0en su mand\u00edbula derecha producto de una pelea con otro de su especie o alguna potencial presa. <\/p>\n\n\n\n<p>Esa disputa le ocasion\u00f3 la<strong>\u00a0rotura<\/strong>\u00a0de uno de sus colmillos o caninos y el comienzo de la infecci\u00f3n, problema que sobrellev\u00f3 durante alg\u00fan tiempo hasta generalizarse y ocasionarle una\u00a0<strong>muerte lenta.<\/strong><\/p>\n\n\n\n<p>Con la interpretaci\u00f3n de estos datos,<strong><em>Theriodictis platensis<\/em><\/strong>\u00a0(el c\u00e1nido f\u00f3sil que es logo del museo) pasa a ser el ejemplar de la colecci\u00f3n de San Pedro del que m\u00e1s detalles se conocen hasta el momento. <\/p>\n\n\n\n<figure class=\"wp-block-image\"><img decoding=\"async\" width=\"682\" height=\"512\" data-attachment-id=\"59429\" data-permalink=\"https:\/\/eldiariodesanpedro.com.ar\/sitio\/visita-cientifica-al-museo-paleontologico-estudio-del-canido-fosil-de-san-pedro\/theriodictis-platensis-modif\/\" data-orig-file=\"https:\/\/eldiariodesanpedro.com.ar\/sitio\/wp-content\/uploads\/2019\/09\/Theriodictis-platensis-modif.jpg\" data-orig-size=\"682,512\" data-comments-opened=\"1\" data-image-meta=\"{&quot;aperture&quot;:&quot;5.6&quot;,&quot;credit&quot;:&quot;&quot;,&quot;camera&quot;:&quot;Canon PowerShot G3&quot;,&quot;caption&quot;:&quot;&quot;,&quot;created_timestamp&quot;:&quot;1075997232&quot;,&quot;copyright&quot;:&quot;&quot;,&quot;focal_length&quot;:&quot;15.8125&quot;,&quot;iso&quot;:&quot;0&quot;,&quot;shutter_speed&quot;:&quot;0.8&quot;,&quot;title&quot;:&quot;&quot;,&quot;orientation&quot;:&quot;1&quot;}\" data-image-title=\"Theriodictis-platensis-modif\" data-image-description=\"\" data-image-caption=\"\" data-large-file=\"https:\/\/eldiariodesanpedro.com.ar\/sitio\/wp-content\/uploads\/2019\/09\/Theriodictis-platensis-modif.jpg\" data-src=\"https:\/\/eldiariodesanpedro.com.ar\/sitio\/wp-content\/uploads\/2019\/09\/Theriodictis-platensis-modif.jpg\" alt=\"\" class=\"wp-image-59429 lazyload\" data-srcset=\"https:\/\/eldiariodesanpedro.com.ar\/sitio\/wp-content\/uploads\/2019\/09\/Theriodictis-platensis-modif.jpg 682w, https:\/\/eldiariodesanpedro.com.ar\/sitio\/wp-content\/uploads\/2019\/09\/Theriodictis-platensis-modif-300x225.jpg 300w\" data-sizes=\"(max-width: 682px) 100vw, 682px\" src=\"data:image\/svg+xml;base64,PHN2ZyB3aWR0aD0iMSIgaGVpZ2h0PSIxIiB4bWxucz0iaHR0cDovL3d3dy53My5vcmcvMjAwMC9zdmciPjwvc3ZnPg==\" style=\"--smush-placeholder-width: 682px; --smush-placeholder-aspect-ratio: 682\/512;\" \/><\/figure>\n","protected":false},"excerpt":{"rendered":"<p>En estos d\u00edas, el Museo Paleontol\u00f3gico de San Pedro recibi\u00f3 la visita del\u00a0Dr. Dami\u00e1n Ruiz Ramoni, oriundo de Venezuela, interesado en analizar y estudiar el ejemplar de\u00a0Theriodictis platensis\u00a0que resguarda el museo.\u00a0Uno de los c\u00e1nidos f\u00f3siles m\u00e1s completos de Sudam\u00e9rica. El cient\u00edfico, que se encuentra en nuestro pa\u00eds realizando un post doctorado del CONICET en el [&hellip;]<\/p>\n","protected":false},"author":4,"featured_media":59430,"comment_status":"open","ping_status":"closed","sticky":false,"template":"","format":"standard","meta":{"om_disable_all_campaigns":false,"_jetpack_memberships_contains_paid_content":false,"footnotes":""},"categories":[101,2],"tags":[],"class_list":["post-59428","post","type-post","status-publish","format-standard","has-post-thumbnail","hentry","category-interes-general-locales","category-locales"],"aioseo_notices":[],"gutentor_comment":0,"jetpack_featured_media_url":"https:\/\/eldiariodesanpedro.com.ar\/sitio\/wp-content\/uploads\/2019\/09\/DR-RUIZ-RAMONI.jpg","jetpack_shortlink":"https:\/\/wp.me\/p6RhLt-fsw","jetpack_sharing_enabled":true,"_links":{"self":[{"href":"https:\/\/eldiariodesanpedro.com.ar\/sitio\/wp-json\/wp\/v2\/posts\/59428","targetHints":{"allow":["GET"]}}],"collection":[{"href":"https:\/\/eldiariodesanpedro.com.ar\/sitio\/wp-json\/wp\/v2\/posts"}],"about":[{"href":"https:\/\/eldiariodesanpedro.com.ar\/sitio\/wp-json\/wp\/v2\/types\/post"}],"author":[{"embeddable":true,"href":"https:\/\/eldiariodesanpedro.com.ar\/sitio\/wp-json\/wp\/v2\/users\/4"}],"replies":[{"embeddable":true,"href":"https:\/\/eldiariodesanpedro.com.ar\/sitio\/wp-json\/wp\/v2\/comments?post=59428"}],"version-history":[{"count":1,"href":"https:\/\/eldiariodesanpedro.com.ar\/sitio\/wp-json\/wp\/v2\/posts\/59428\/revisions"}],"predecessor-version":[{"id":59431,"href":"https:\/\/eldiariodesanpedro.com.ar\/sitio\/wp-json\/wp\/v2\/posts\/59428\/revisions\/59431"}],"wp:featuredmedia":[{"embeddable":true,"href":"https:\/\/eldiariodesanpedro.com.ar\/sitio\/wp-json\/wp\/v2\/media\/59430"}],"wp:attachment":[{"href":"https:\/\/eldiariodesanpedro.com.ar\/sitio\/wp-json\/wp\/v2\/media?parent=59428"}],"wp:term":[{"taxonomy":"category","embeddable":true,"href":"https:\/\/eldiariodesanpedro.com.ar\/sitio\/wp-json\/wp\/v2\/categories?post=59428"},{"taxonomy":"post_tag","embeddable":true,"href":"https:\/\/eldiariodesanpedro.com.ar\/sitio\/wp-json\/wp\/v2\/tags?post=59428"}],"curies":[{"name":"wp","href":"https:\/\/api.w.org\/{rel}","templated":true}]}}