{"id":59424,"date":"2019-09-05T09:13:05","date_gmt":"2019-09-05T12:13:05","guid":{"rendered":"https:\/\/eldiariodesanpedro.com.ar\/sitio\/?p=59424"},"modified":"2019-09-05T09:13:09","modified_gmt":"2019-09-05T12:13:09","slug":"actividades-del-fin-de-semana-en-el-centro-de-comercio-e-industria","status":"publish","type":"post","link":"https:\/\/eldiariodesanpedro.com.ar\/sitio\/actividades-del-fin-de-semana-en-el-centro-de-comercio-e-industria\/","title":{"rendered":"Actividades del fin de semana en el Centro de Comercio e Industria"},"content":{"rendered":"<!-- VideographyWP Plugin Message: Automatic video embedding prevented by plugin options. -->\n\n<p>Este fin de semana las instalaciones del Centro de Comercio e Industria volver\u00e1n a recibir actividades culturales abiertas a todo el p\u00fablico a las que se invita a toda la comunidad. <\/p>\n\n\n\n<p>El s\u00e1bado, en el marco de la 18\u00ba edici\u00f3n del San Pedro Coral tendr\u00e1 lugar la apertura desde las 17.30 con la actuaci\u00f3n de coros de Hurlingham. <\/p>\n\n\n\n<p>Marcos Paz y de Berazategui, entre otros. El encuentro coral continuar\u00e1 a las 20 en la Iglesia San Roque y el domingo a las 13 en La Campi\u00f1a.<\/p>\n\n\n\n<figure class=\"wp-block-image\"><img decoding=\"async\" width=\"610\" height=\"960\" data-attachment-id=\"59425\" data-permalink=\"https:\/\/eldiariodesanpedro.com.ar\/sitio\/actividades-del-fin-de-semana-en-el-centro-de-comercio-e-industria\/coro\/\" data-orig-file=\"https:\/\/eldiariodesanpedro.com.ar\/sitio\/wp-content\/uploads\/2019\/09\/coro.jpg\" data-orig-size=\"610,960\" data-comments-opened=\"1\" data-image-meta=\"{&quot;aperture&quot;:&quot;0&quot;,&quot;credit&quot;:&quot;&quot;,&quot;camera&quot;:&quot;&quot;,&quot;caption&quot;:&quot;&quot;,&quot;created_timestamp&quot;:&quot;0&quot;,&quot;copyright&quot;:&quot;&quot;,&quot;focal_length&quot;:&quot;0&quot;,&quot;iso&quot;:&quot;0&quot;,&quot;shutter_speed&quot;:&quot;0&quot;,&quot;title&quot;:&quot;&quot;,&quot;orientation&quot;:&quot;0&quot;}\" data-image-title=\"coro\" data-image-description=\"\" data-image-caption=\"\" data-large-file=\"https:\/\/eldiariodesanpedro.com.ar\/sitio\/wp-content\/uploads\/2019\/09\/coro.jpg\" data-src=\"https:\/\/eldiariodesanpedro.com.ar\/sitio\/wp-content\/uploads\/2019\/09\/coro.jpg\" alt=\"\" class=\"wp-image-59425 lazyload\" data-srcset=\"https:\/\/eldiariodesanpedro.com.ar\/sitio\/wp-content\/uploads\/2019\/09\/coro.jpg 610w, https:\/\/eldiariodesanpedro.com.ar\/sitio\/wp-content\/uploads\/2019\/09\/coro-191x300.jpg 191w\" data-sizes=\"(max-width: 610px) 100vw, 610px\" src=\"data:image\/svg+xml;base64,PHN2ZyB3aWR0aD0iMSIgaGVpZ2h0PSIxIiB4bWxucz0iaHR0cDovL3d3dy53My5vcmcvMjAwMC9zdmciPjwvc3ZnPg==\" style=\"--smush-placeholder-width: 610px; --smush-placeholder-aspect-ratio: 610\/960;\" \/><\/figure>\n\n\n\n<p><br>El domingo el grupo Alma y Pasi\u00f3n por el Tango vuelve a convocar a una Milonga desde las 20 y hasta la medianoche. M\u00e1s informaci\u00f3n en el 3329 505781.\u00a0<\/p>\n\n\n\n<figure class=\"wp-block-image\"><img decoding=\"async\" width=\"720\" height=\"900\" data-attachment-id=\"59426\" data-permalink=\"https:\/\/eldiariodesanpedro.com.ar\/sitio\/actividades-del-fin-de-semana-en-el-centro-de-comercio-e-industria\/tango-2\/\" data-orig-file=\"https:\/\/eldiariodesanpedro.com.ar\/sitio\/wp-content\/uploads\/2019\/09\/Tango.jpg\" data-orig-size=\"720,900\" data-comments-opened=\"1\" data-image-meta=\"{&quot;aperture&quot;:&quot;0&quot;,&quot;credit&quot;:&quot;&quot;,&quot;camera&quot;:&quot;&quot;,&quot;caption&quot;:&quot;&quot;,&quot;created_timestamp&quot;:&quot;0&quot;,&quot;copyright&quot;:&quot;&quot;,&quot;focal_length&quot;:&quot;0&quot;,&quot;iso&quot;:&quot;0&quot;,&quot;shutter_speed&quot;:&quot;0&quot;,&quot;title&quot;:&quot;&quot;,&quot;orientation&quot;:&quot;0&quot;}\" data-image-title=\"Tango\" data-image-description=\"\" data-image-caption=\"\" data-large-file=\"https:\/\/eldiariodesanpedro.com.ar\/sitio\/wp-content\/uploads\/2019\/09\/Tango.jpg\" data-src=\"https:\/\/eldiariodesanpedro.com.ar\/sitio\/wp-content\/uploads\/2019\/09\/Tango.jpg\" alt=\"\" class=\"wp-image-59426 lazyload\" data-srcset=\"https:\/\/eldiariodesanpedro.com.ar\/sitio\/wp-content\/uploads\/2019\/09\/Tango.jpg 720w, https:\/\/eldiariodesanpedro.com.ar\/sitio\/wp-content\/uploads\/2019\/09\/Tango-240x300.jpg 240w\" data-sizes=\"(max-width: 720px) 100vw, 720px\" src=\"data:image\/svg+xml;base64,PHN2ZyB3aWR0aD0iMSIgaGVpZ2h0PSIxIiB4bWxucz0iaHR0cDovL3d3dy53My5vcmcvMjAwMC9zdmciPjwvc3ZnPg==\" style=\"--smush-placeholder-width: 720px; --smush-placeholder-aspect-ratio: 720\/900;\" \/><\/figure>\n","protected":false},"excerpt":{"rendered":"<p>Este fin de semana las instalaciones del Centro de Comercio e Industria volver\u00e1n a recibir actividades culturales abiertas a todo el p\u00fablico a las que se invita a toda la comunidad. El s\u00e1bado, en el marco de la 18\u00ba edici\u00f3n del San Pedro Coral tendr\u00e1 lugar la apertura desde las 17.30 con la actuaci\u00f3n de [&hellip;]<\/p>\n","protected":false},"author":4,"featured_media":57515,"comment_status":"open","ping_status":"closed","sticky":false,"template":"","format":"standard","meta":{"om_disable_all_campaigns":false,"_jetpack_memberships_contains_paid_content":false,"footnotes":""},"categories":[101,2],"tags":[],"class_list":["post-59424","post","type-post","status-publish","format-standard","has-post-thumbnail","hentry","category-interes-general-locales","category-locales"],"aioseo_notices":[],"gutentor_comment":0,"jetpack_featured_media_url":"https:\/\/eldiariodesanpedro.com.ar\/sitio\/wp-content\/uploads\/2019\/08\/centro-de-comercio-e-industria_3.jpg","jetpack_shortlink":"https:\/\/wp.me\/p6RhLt-fss","jetpack_sharing_enabled":true,"_links":{"self":[{"href":"https:\/\/eldiariodesanpedro.com.ar\/sitio\/wp-json\/wp\/v2\/posts\/59424","targetHints":{"allow":["GET"]}}],"collection":[{"href":"https:\/\/eldiariodesanpedro.com.ar\/sitio\/wp-json\/wp\/v2\/posts"}],"about":[{"href":"https:\/\/eldiariodesanpedro.com.ar\/sitio\/wp-json\/wp\/v2\/types\/post"}],"author":[{"embeddable":true,"href":"https:\/\/eldiariodesanpedro.com.ar\/sitio\/wp-json\/wp\/v2\/users\/4"}],"replies":[{"embeddable":true,"href":"https:\/\/eldiariodesanpedro.com.ar\/sitio\/wp-json\/wp\/v2\/comments?post=59424"}],"version-history":[{"count":1,"href":"https:\/\/eldiariodesanpedro.com.ar\/sitio\/wp-json\/wp\/v2\/posts\/59424\/revisions"}],"predecessor-version":[{"id":59427,"href":"https:\/\/eldiariodesanpedro.com.ar\/sitio\/wp-json\/wp\/v2\/posts\/59424\/revisions\/59427"}],"wp:featuredmedia":[{"embeddable":true,"href":"https:\/\/eldiariodesanpedro.com.ar\/sitio\/wp-json\/wp\/v2\/media\/57515"}],"wp:attachment":[{"href":"https:\/\/eldiariodesanpedro.com.ar\/sitio\/wp-json\/wp\/v2\/media?parent=59424"}],"wp:term":[{"taxonomy":"category","embeddable":true,"href":"https:\/\/eldiariodesanpedro.com.ar\/sitio\/wp-json\/wp\/v2\/categories?post=59424"},{"taxonomy":"post_tag","embeddable":true,"href":"https:\/\/eldiariodesanpedro.com.ar\/sitio\/wp-json\/wp\/v2\/tags?post=59424"}],"curies":[{"name":"wp","href":"https:\/\/api.w.org\/{rel}","templated":true}]}}