{"id":59419,"date":"2019-09-05T08:59:57","date_gmt":"2019-09-05T11:59:57","guid":{"rendered":"https:\/\/eldiariodesanpedro.com.ar\/sitio\/?p=59419"},"modified":"2019-09-05T09:00:01","modified_gmt":"2019-09-05T12:00:01","slug":"paro-nacional-docente-en-reclamo-a-las-agresiones-que-sufrieron-los-maestros-en-chubut","status":"publish","type":"post","link":"https:\/\/eldiariodesanpedro.com.ar\/sitio\/paro-nacional-docente-en-reclamo-a-las-agresiones-que-sufrieron-los-maestros-en-chubut\/","title":{"rendered":"Paro Nacional Docente en reclamo a las agresiones que sufrieron los maestros en Chubut"},"content":{"rendered":"<!-- VideographyWP Plugin Message: Automatic video embedding prevented by plugin options. -->\n\n<p>La medida se tom\u00f3 en repudio a la agresi\u00f3n que sufrieron varios\u00a0maestros\u00a0que protestaban en Chubut. La protesta se desarroll\u00f3 en reclamo de sueldos adeudados.<\/p>\n\n\n\n<p>Anunciaron un\u00a0paro docente\u00a0nacional para todo el pa\u00eds. HOY jueves 5 de septiembre. As\u00ed lo anunci\u00f3 la Confederaci\u00f3n de Trabajadores de la Educaci\u00f3n (Ctera).<\/p>\n\n\n\n<p>En nuestra ciudad los maestros nucleados en el Sindicato Unificado de Trabajadores de la Educaci\u00f3n de Buenos Aires (Suteba) y la Federaci\u00f3n de Educadores Bonaerense (FEB) confirmaron su adhesi\u00f3n al paro nacional de 24 horas previsto .<\/p>\n\n\n\n<figure class=\"wp-block-image\"><img decoding=\"async\" width=\"650\" height=\"450\" data-attachment-id=\"59420\" data-permalink=\"https:\/\/eldiariodesanpedro.com.ar\/sitio\/paro-nacional-docente-en-reclamo-a-las-agresiones-que-sufrieron-los-maestros-en-chubut\/paro-docente-2-2\/\" data-orig-file=\"https:\/\/eldiariodesanpedro.com.ar\/sitio\/wp-content\/uploads\/2019\/09\/PARO-DOCENTE-2.jpg\" data-orig-size=\"650,450\" data-comments-opened=\"1\" data-image-meta=\"{&quot;aperture&quot;:&quot;0&quot;,&quot;credit&quot;:&quot;&quot;,&quot;camera&quot;:&quot;&quot;,&quot;caption&quot;:&quot;&quot;,&quot;created_timestamp&quot;:&quot;0&quot;,&quot;copyright&quot;:&quot;&quot;,&quot;focal_length&quot;:&quot;0&quot;,&quot;iso&quot;:&quot;0&quot;,&quot;shutter_speed&quot;:&quot;0&quot;,&quot;title&quot;:&quot;&quot;,&quot;orientation&quot;:&quot;0&quot;}\" data-image-title=\"PARO-DOCENTE-2\" data-image-description=\"\" data-image-caption=\"\" data-large-file=\"https:\/\/eldiariodesanpedro.com.ar\/sitio\/wp-content\/uploads\/2019\/09\/PARO-DOCENTE-2.jpg\" data-src=\"https:\/\/eldiariodesanpedro.com.ar\/sitio\/wp-content\/uploads\/2019\/09\/PARO-DOCENTE-2.jpg\" alt=\"\" class=\"wp-image-59420 lazyload\" data-srcset=\"https:\/\/eldiariodesanpedro.com.ar\/sitio\/wp-content\/uploads\/2019\/09\/PARO-DOCENTE-2.jpg 650w, https:\/\/eldiariodesanpedro.com.ar\/sitio\/wp-content\/uploads\/2019\/09\/PARO-DOCENTE-2-300x208.jpg 300w, https:\/\/eldiariodesanpedro.com.ar\/sitio\/wp-content\/uploads\/2019\/09\/PARO-DOCENTE-2-392x272.jpg 392w, https:\/\/eldiariodesanpedro.com.ar\/sitio\/wp-content\/uploads\/2019\/09\/PARO-DOCENTE-2-130x90.jpg 130w\" data-sizes=\"(max-width: 650px) 100vw, 650px\" src=\"data:image\/svg+xml;base64,PHN2ZyB3aWR0aD0iMSIgaGVpZ2h0PSIxIiB4bWxucz0iaHR0cDovL3d3dy53My5vcmcvMjAwMC9zdmciPjwvc3ZnPg==\" style=\"--smush-placeholder-width: 650px; --smush-placeholder-aspect-ratio: 650\/450;\" \/><\/figure>\n\n\n\n<p><br> La agresi\u00f3n hacia los docentes ocurri\u00f3 en la madrugada del mi\u00e9rcoles. Integrantes del gremio de petroleros desalojaron a la fuerza el corte de ruta que realizaban los\u00a0maestros. Por el hecho hubo varios incidentes y algunos heridos.<\/p>\n\n\n\n<p>La manifestaci\u00f3n se llev\u00f3 a cabo en la intersecci\u00f3n de las rutas 3 y 26. La misma imped\u00eda el acceso de los camiones a los yacimientos. Estos cortes generaron malestar en el Sindicato del Petr\u00f3leo y Gas Privado de Chubut.<\/p>\n\n\n\n<p>\u201cLos vamos a pasar por arriba con tal de ir a trabajar\u201d dijo J\u00f3rge \u00c1vila, su titular.<\/p>\n\n\n\n<p>Sonia Alesso, titular de la Confederaci\u00f3n de Trabajadores de la Educaci\u00f3n habl\u00f3 al respecto. Ella fue quien confirm\u00f3 el\u00a0paro docente\u00a0nacional. La misma tendr\u00e1 una duraci\u00f3n de 24 horas.<\/p>\n\n\n\n<p>\u201cEstamos junto a nuestros compa\u00f1eros de Chubut que resisten y pelean contra estas situaciones de agresi\u00f3n que vienen enfrentando en la provincia\u201d, indic\u00f3 Alesso. Adem\u00e1s pidi\u00f3 una soluci\u00f3n urgente para el conflicto con la administraci\u00f3n de Mariano Arcioni.<\/p>\n\n\n\n<p>Por su parte la delegaci\u00f3n sur de la Asociaci\u00f3n de Trabajadores de la Educaci\u00f3n de Chubut (Atech) present\u00f3 una denuncia colectiva. Los docentes aseguraron que encontraron todas sus pertenencias quemadas a un costado de la ruta.<\/p>\n\n\n\n<p>Adem\u00e1s del\u00a0<strong>paro docente<\/strong>\u00a0habr\u00e1 una movilizaci\u00f3n (a partir de las 10). La misma ser\u00e1 en Chubut, espec\u00edficamente a la casa de la provincia de Chubut y luego al Ministerio de Hacienda.<\/p>\n\n\n\n<figure class=\"wp-block-image\"><img decoding=\"async\" width=\"735\" height=\"960\" data-attachment-id=\"59421\" data-permalink=\"https:\/\/eldiariodesanpedro.com.ar\/sitio\/paro-nacional-docente-en-reclamo-a-las-agresiones-que-sufrieron-los-maestros-en-chubut\/69902796_636097296880260_2563492346339524608_n\/\" data-orig-file=\"https:\/\/eldiariodesanpedro.com.ar\/sitio\/wp-content\/uploads\/2019\/09\/69902796_636097296880260_2563492346339524608_n.jpg\" data-orig-size=\"735,960\" data-comments-opened=\"1\" data-image-meta=\"{&quot;aperture&quot;:&quot;0&quot;,&quot;credit&quot;:&quot;&quot;,&quot;camera&quot;:&quot;&quot;,&quot;caption&quot;:&quot;&quot;,&quot;created_timestamp&quot;:&quot;0&quot;,&quot;copyright&quot;:&quot;&quot;,&quot;focal_length&quot;:&quot;0&quot;,&quot;iso&quot;:&quot;0&quot;,&quot;shutter_speed&quot;:&quot;0&quot;,&quot;title&quot;:&quot;&quot;,&quot;orientation&quot;:&quot;0&quot;}\" data-image-title=\"69902796_636097296880260_2563492346339524608_n\" data-image-description=\"\" data-image-caption=\"\" data-large-file=\"https:\/\/eldiariodesanpedro.com.ar\/sitio\/wp-content\/uploads\/2019\/09\/69902796_636097296880260_2563492346339524608_n.jpg\" data-src=\"https:\/\/eldiariodesanpedro.com.ar\/sitio\/wp-content\/uploads\/2019\/09\/69902796_636097296880260_2563492346339524608_n.jpg\" alt=\"\" class=\"wp-image-59421 lazyload\" data-srcset=\"https:\/\/eldiariodesanpedro.com.ar\/sitio\/wp-content\/uploads\/2019\/09\/69902796_636097296880260_2563492346339524608_n.jpg 735w, https:\/\/eldiariodesanpedro.com.ar\/sitio\/wp-content\/uploads\/2019\/09\/69902796_636097296880260_2563492346339524608_n-230x300.jpg 230w\" data-sizes=\"(max-width: 735px) 100vw, 735px\" src=\"data:image\/svg+xml;base64,PHN2ZyB3aWR0aD0iMSIgaGVpZ2h0PSIxIiB4bWxucz0iaHR0cDovL3d3dy53My5vcmcvMjAwMC9zdmciPjwvc3ZnPg==\" style=\"--smush-placeholder-width: 735px; --smush-placeholder-aspect-ratio: 735\/960;\" \/><\/figure>\n","protected":false},"excerpt":{"rendered":"<p>La medida se tom\u00f3 en repudio a la agresi\u00f3n que sufrieron varios\u00a0maestros\u00a0que protestaban en Chubut. La protesta se desarroll\u00f3 en reclamo de sueldos adeudados. Anunciaron un\u00a0paro docente\u00a0nacional para todo el pa\u00eds. HOY jueves 5 de septiembre. As\u00ed lo anunci\u00f3 la Confederaci\u00f3n de Trabajadores de la Educaci\u00f3n (Ctera). En nuestra ciudad los maestros nucleados en el [&hellip;]<\/p>\n","protected":false},"author":4,"featured_media":59422,"comment_status":"open","ping_status":"closed","sticky":false,"template":"","format":"standard","meta":{"om_disable_all_campaigns":false,"_jetpack_memberships_contains_paid_content":false,"footnotes":""},"categories":[50,101,2],"tags":[],"class_list":["post-59419","post","type-post","status-publish","format-standard","has-post-thumbnail","hentry","category-destacadas","category-interes-general-locales","category-locales"],"aioseo_notices":[],"gutentor_comment":0,"jetpack_featured_media_url":"https:\/\/eldiariodesanpedro.com.ar\/sitio\/wp-content\/uploads\/2019\/09\/70237307_636029443553712_2212544332290850816_n.jpg","jetpack_shortlink":"https:\/\/wp.me\/p6RhLt-fsn","jetpack_sharing_enabled":true,"_links":{"self":[{"href":"https:\/\/eldiariodesanpedro.com.ar\/sitio\/wp-json\/wp\/v2\/posts\/59419","targetHints":{"allow":["GET"]}}],"collection":[{"href":"https:\/\/eldiariodesanpedro.com.ar\/sitio\/wp-json\/wp\/v2\/posts"}],"about":[{"href":"https:\/\/eldiariodesanpedro.com.ar\/sitio\/wp-json\/wp\/v2\/types\/post"}],"author":[{"embeddable":true,"href":"https:\/\/eldiariodesanpedro.com.ar\/sitio\/wp-json\/wp\/v2\/users\/4"}],"replies":[{"embeddable":true,"href":"https:\/\/eldiariodesanpedro.com.ar\/sitio\/wp-json\/wp\/v2\/comments?post=59419"}],"version-history":[{"count":1,"href":"https:\/\/eldiariodesanpedro.com.ar\/sitio\/wp-json\/wp\/v2\/posts\/59419\/revisions"}],"predecessor-version":[{"id":59423,"href":"https:\/\/eldiariodesanpedro.com.ar\/sitio\/wp-json\/wp\/v2\/posts\/59419\/revisions\/59423"}],"wp:featuredmedia":[{"embeddable":true,"href":"https:\/\/eldiariodesanpedro.com.ar\/sitio\/wp-json\/wp\/v2\/media\/59422"}],"wp:attachment":[{"href":"https:\/\/eldiariodesanpedro.com.ar\/sitio\/wp-json\/wp\/v2\/media?parent=59419"}],"wp:term":[{"taxonomy":"category","embeddable":true,"href":"https:\/\/eldiariodesanpedro.com.ar\/sitio\/wp-json\/wp\/v2\/categories?post=59419"},{"taxonomy":"post_tag","embeddable":true,"href":"https:\/\/eldiariodesanpedro.com.ar\/sitio\/wp-json\/wp\/v2\/tags?post=59419"}],"curies":[{"name":"wp","href":"https:\/\/api.w.org\/{rel}","templated":true}]}}