{"id":59406,"date":"2019-09-04T19:41:46","date_gmt":"2019-09-04T22:41:46","guid":{"rendered":"https:\/\/eldiariodesanpedro.com.ar\/sitio\/?p=59406"},"modified":"2019-09-04T19:50:38","modified_gmt":"2019-09-04T22:50:38","slug":"nicolas-cava-rumbo-a-las-competencias-de-colombia","status":"publish","type":"post","link":"https:\/\/eldiariodesanpedro.com.ar\/sitio\/nicolas-cava-rumbo-a-las-competencias-de-colombia\/","title":{"rendered":"Nicolas Cava rumbo a las competencias de Colombia"},"content":{"rendered":"<!-- VideographyWP Plugin Message: Automatic video embedding prevented by plugin options. -->\n\n<p>La asociaci\u00f3n  de BV de San Pedro inform\u00f3 en el marco de las competencias Bomberiles a llevarse a cabo entre el 5 y 7 de Septiembre,  que tendr\u00e1 a su representante Nicolas Cava, Campe\u00f3n Latinoamericano en el 2018.<\/p>\n\n\n\n<p>Fiscalizadas por la Organizaci\u00f3n de Bomberos Am\u00e9ricas, tendr\u00e1 como representante a Nicolas Cava que formar\u00e1 parte de la Delegaci\u00f3n Argentina quien participara en la Categor\u00eda Individual Masculino.<\/p>\n\n\n\n<p>La delegaci\u00f3n Argentina compuesta por 25 personas, entre hombres y mujeres, ser\u00e1 encabezada en su condici\u00f3n de Capit\u00e1n General, a el Comandante Mayor(R),Fabio Giovanettoni. <\/p>\n\n\n\n<p> El sampedrino participar\u00e1 en los XI Juegos de Habilidades Bomberiles, denominados Copa OBA 2019 en la ciudad de Cali, Colombia, a realizarse los d\u00edas 6, 7 y 8 de septiembre. <\/p>\n\n\n\n<p>Cava, en dialogo con FM Genesis, brindo detalles sobre su nueva experiencia rumbo a Colombia:<\/p>\n\n\n\n<figure class=\"wp-block-image\"><img decoding=\"async\" width=\"1024\" height=\"484\" data-attachment-id=\"59412\" data-permalink=\"https:\/\/eldiariodesanpedro.com.ar\/sitio\/img-20190903-wa0037\/\" data-orig-file=\"https:\/\/eldiariodesanpedro.com.ar\/sitio\/wp-content\/uploads\/2019\/09\/IMG-20190903-WA0037.jpg\" data-orig-size=\"1280,605\" data-comments-opened=\"1\" data-image-meta=\"{&quot;aperture&quot;:&quot;0&quot;,&quot;credit&quot;:&quot;&quot;,&quot;camera&quot;:&quot;&quot;,&quot;caption&quot;:&quot;&quot;,&quot;created_timestamp&quot;:&quot;0&quot;,&quot;copyright&quot;:&quot;&quot;,&quot;focal_length&quot;:&quot;0&quot;,&quot;iso&quot;:&quot;0&quot;,&quot;shutter_speed&quot;:&quot;0&quot;,&quot;title&quot;:&quot;&quot;,&quot;orientation&quot;:&quot;0&quot;}\" data-image-title=\"IMG-20190903-WA0037\" data-image-description=\"\" data-image-caption=\"\" data-large-file=\"https:\/\/eldiariodesanpedro.com.ar\/sitio\/wp-content\/uploads\/2019\/09\/IMG-20190903-WA0037-1024x484.jpg\" data-src=\"https:\/\/eldiariodesanpedro.com.ar\/sitio\/wp-content\/uploads\/2019\/09\/IMG-20190903-WA0037-1024x484.jpg\" alt=\"\" class=\"wp-image-59412 lazyload\" data-srcset=\"https:\/\/eldiariodesanpedro.com.ar\/sitio\/wp-content\/uploads\/2019\/09\/IMG-20190903-WA0037-1024x484.jpg 1024w, https:\/\/eldiariodesanpedro.com.ar\/sitio\/wp-content\/uploads\/2019\/09\/IMG-20190903-WA0037-300x142.jpg 300w, https:\/\/eldiariodesanpedro.com.ar\/sitio\/wp-content\/uploads\/2019\/09\/IMG-20190903-WA0037-768x363.jpg 768w, https:\/\/eldiariodesanpedro.com.ar\/sitio\/wp-content\/uploads\/2019\/09\/IMG-20190903-WA0037.jpg 1280w\" data-sizes=\"(max-width: 1024px) 100vw, 1024px\" src=\"data:image\/svg+xml;base64,PHN2ZyB3aWR0aD0iMSIgaGVpZ2h0PSIxIiB4bWxucz0iaHR0cDovL3d3dy53My5vcmcvMjAwMC9zdmciPjwvc3ZnPg==\" style=\"--smush-placeholder-width: 1024px; --smush-placeholder-aspect-ratio: 1024\/484;\" \/><\/figure>\n\n\n\n<p>\u00abSomos 5 provincias, 3 de Bs As, Santiago del Estero, C\u00f3rdoba y creo que de La Pampa tambi\u00e9n, este a\u00f1o fue algo dudoso, estaba abajo del avi\u00f3n como un decir, el Consejo Nacional opt\u00f3 por mandar a los campeones Nacionales del a\u00f1o pasado, yo hab\u00eda salido campe\u00f3n Latinoamericano pero hace un mes se destrabo esto y OBA (Organizaci\u00f3n de Bomberos Voluntarios Argentina) nos dio un cupo m\u00e1s, ahora voy a representar al pa\u00eds\u00bb<\/p>\n\n\n\n<p>\u00abEntreno durante todo el a\u00f1o, estoy llendo con un 80% de entrenamiento pero vamos a ver como nos trata el clima, 40\u00ba de calor, no se si me va a jugar a favor o en contra, hay que esperar\u00bb<\/p>\n\n\n\n<p> \u00abYo estoy en el individual masculino compitiendo con pa\u00edses como Brasil, Colombia, Ecuador, Paraguay, Uruguay, Chile, Argentina, Panam\u00e1 y Costa Rica este a\u00f1o\u00bb<\/p>\n\n\n\n<p>Culminando agreg\u00f3, \u00abla experiencia va a jugar mucho a la hora de entrar a la pista, este a\u00f1o voy acompa\u00f1ado por Fabio Giovanettoni, Comandante Mayor en reserva, que va como l\u00edder, coordinador, es un amigo y es un placer para mi, el va a ser la cara visible nuestra de toda la competencia, va a ser nuestro capit\u00e1n\u00bb<\/p>\n\n\n\n<p>En Cali ser\u00e1n los d\u00edas clasificatorios,  este viernes 6 y el sabado 7 se definir\u00e1 la competencia, r\u00e1pida, los dias ser\u00e1n intensos y cortos para Nicolas Cava quien estar\u00e1 de nuevo en nuestra ciudad, con un nuevo t\u00edtulo,  este lunes 9.<\/p>\n\n\n\n<p><\/p>\n","protected":false},"excerpt":{"rendered":"<p>La asociaci\u00f3n de BV de San Pedro inform\u00f3 en el marco de las competencias Bomberiles a llevarse a cabo entre el 5 y 7 de Septiembre, que tendr\u00e1 a su representante Nicolas Cava, Campe\u00f3n Latinoamericano en el 2018. Fiscalizadas por la Organizaci\u00f3n de Bomberos Am\u00e9ricas, tendr\u00e1 como representante a Nicolas Cava que formar\u00e1 parte de [&hellip;]<\/p>\n","protected":false},"author":4,"featured_media":59413,"comment_status":"open","ping_status":"closed","sticky":false,"template":"","format":"standard","meta":{"om_disable_all_campaigns":false,"_jetpack_memberships_contains_paid_content":false,"footnotes":""},"categories":[50,101,2],"tags":[],"class_list":["post-59406","post","type-post","status-publish","format-standard","has-post-thumbnail","hentry","category-destacadas","category-interes-general-locales","category-locales"],"aioseo_notices":[],"gutentor_comment":0,"jetpack_featured_media_url":"https:\/\/eldiariodesanpedro.com.ar\/sitio\/wp-content\/uploads\/2019\/09\/44735375_10216230160441257_7571022732817596416_n.jpg","jetpack_shortlink":"https:\/\/wp.me\/p6RhLt-fsa","jetpack_sharing_enabled":true,"_links":{"self":[{"href":"https:\/\/eldiariodesanpedro.com.ar\/sitio\/wp-json\/wp\/v2\/posts\/59406","targetHints":{"allow":["GET"]}}],"collection":[{"href":"https:\/\/eldiariodesanpedro.com.ar\/sitio\/wp-json\/wp\/v2\/posts"}],"about":[{"href":"https:\/\/eldiariodesanpedro.com.ar\/sitio\/wp-json\/wp\/v2\/types\/post"}],"author":[{"embeddable":true,"href":"https:\/\/eldiariodesanpedro.com.ar\/sitio\/wp-json\/wp\/v2\/users\/4"}],"replies":[{"embeddable":true,"href":"https:\/\/eldiariodesanpedro.com.ar\/sitio\/wp-json\/wp\/v2\/comments?post=59406"}],"version-history":[{"count":2,"href":"https:\/\/eldiariodesanpedro.com.ar\/sitio\/wp-json\/wp\/v2\/posts\/59406\/revisions"}],"predecessor-version":[{"id":59415,"href":"https:\/\/eldiariodesanpedro.com.ar\/sitio\/wp-json\/wp\/v2\/posts\/59406\/revisions\/59415"}],"wp:featuredmedia":[{"embeddable":true,"href":"https:\/\/eldiariodesanpedro.com.ar\/sitio\/wp-json\/wp\/v2\/media\/59413"}],"wp:attachment":[{"href":"https:\/\/eldiariodesanpedro.com.ar\/sitio\/wp-json\/wp\/v2\/media?parent=59406"}],"wp:term":[{"taxonomy":"category","embeddable":true,"href":"https:\/\/eldiariodesanpedro.com.ar\/sitio\/wp-json\/wp\/v2\/categories?post=59406"},{"taxonomy":"post_tag","embeddable":true,"href":"https:\/\/eldiariodesanpedro.com.ar\/sitio\/wp-json\/wp\/v2\/tags?post=59406"}],"curies":[{"name":"wp","href":"https:\/\/api.w.org\/{rel}","templated":true}]}}