{"id":594,"date":"2015-11-24T23:01:14","date_gmt":"2015-11-25T02:01:14","guid":{"rendered":"http:\/\/www.eldiariodesanpedro.com.ar\/?p=594"},"modified":"2015-11-26T23:01:47","modified_gmt":"2015-11-27T02:01:47","slug":"investigan-el-incendio-de-un-camion-en-ruta-191","status":"publish","type":"post","link":"https:\/\/eldiariodesanpedro.com.ar\/sitio\/investigan-el-incendio-de-un-camion-en-ruta-191\/","title":{"rendered":"Investigan el incendio de un cami\u00f3n en Ruta 191"},"content":{"rendered":"<p><!-- VideographyWP Plugin Message: Automatic video embedding prevented by plugin options. --><br \/>\nEl siniestro tuvo lugar ayer en la Ruta 191 en cercan\u00edas a la Estaci\u00f3n de Rebaje de Transba, en cercan\u00eda con el cruce del puente de la Ruta 9.<br \/>\nAll\u00ed acudi\u00f3 una dotaci\u00f3n del cuerpo de Bomberos Voluntarios, a cargo del comandante Juli\u00e1n Alemis. \u201cA nuestro arribo encontramos que la cabina ten\u00eda fuego generalizado, desconoci\u00e9ndose las causas del inicio\u201d dijo el oficial. \u201cEl chofer no est\u00e1 en el lugar, es un caso un poco confuso\u201d, asegur\u00f3.<br \/>\nSe trata de un cami\u00f3n Scania perteneciente a la empresa Trans Motta oriunda de Chilecito, La Rioja. Se presume que el rodado habr\u00eda sido robado en las inmediaciones de Gdor. Castro y luego fue prendido fuego ah\u00ed donde fue hallado. La hip\u00f3tesis principal es que los delincuentes tomaron la decisi\u00f3n de deshacerse del veh\u00edculo luego de haber robado la carga.<br \/>\nComo consecuencia de ello se ha comenzado una investigaci\u00f3n para corroborar lo sucedido y detener a los autores del hecho.<\/p>\n","protected":false},"excerpt":{"rendered":"<p>El siniestro tuvo lugar ayer en la Ruta 191 en cercan\u00edas a la Estaci\u00f3n de Rebaje de Transba, en cercan\u00eda con el cruce del puente de la Ruta 9. All\u00ed acudi\u00f3 una dotaci\u00f3n del cuerpo de Bomberos Voluntarios, a cargo del comandante Juli\u00e1n Alemis. \u201cA nuestro arribo encontramos que la cabina ten\u00eda fuego generalizado, desconoci\u00e9ndose [&hellip;]<\/p>\n","protected":false},"author":4,"featured_media":596,"comment_status":"open","ping_status":"closed","sticky":false,"template":"","format":"standard","meta":{"om_disable_all_campaigns":false,"_jetpack_memberships_contains_paid_content":false,"footnotes":""},"categories":[2,103],"tags":[],"class_list":["post-594","post","type-post","status-publish","format-standard","has-post-thumbnail","hentry","category-locales","category-policiales-locales"],"aioseo_notices":[],"gutentor_comment":0,"jetpack_featured_media_url":"https:\/\/eldiariodesanpedro.com.ar\/sitio\/wp-content\/uploads\/2015\/11\/PAGINA-33.jpg","jetpack_shortlink":"https:\/\/wp.me\/p6RhLt-9A","jetpack_sharing_enabled":true,"_links":{"self":[{"href":"https:\/\/eldiariodesanpedro.com.ar\/sitio\/wp-json\/wp\/v2\/posts\/594","targetHints":{"allow":["GET"]}}],"collection":[{"href":"https:\/\/eldiariodesanpedro.com.ar\/sitio\/wp-json\/wp\/v2\/posts"}],"about":[{"href":"https:\/\/eldiariodesanpedro.com.ar\/sitio\/wp-json\/wp\/v2\/types\/post"}],"author":[{"embeddable":true,"href":"https:\/\/eldiariodesanpedro.com.ar\/sitio\/wp-json\/wp\/v2\/users\/4"}],"replies":[{"embeddable":true,"href":"https:\/\/eldiariodesanpedro.com.ar\/sitio\/wp-json\/wp\/v2\/comments?post=594"}],"version-history":[{"count":1,"href":"https:\/\/eldiariodesanpedro.com.ar\/sitio\/wp-json\/wp\/v2\/posts\/594\/revisions"}],"predecessor-version":[{"id":597,"href":"https:\/\/eldiariodesanpedro.com.ar\/sitio\/wp-json\/wp\/v2\/posts\/594\/revisions\/597"}],"wp:featuredmedia":[{"embeddable":true,"href":"https:\/\/eldiariodesanpedro.com.ar\/sitio\/wp-json\/wp\/v2\/media\/596"}],"wp:attachment":[{"href":"https:\/\/eldiariodesanpedro.com.ar\/sitio\/wp-json\/wp\/v2\/media?parent=594"}],"wp:term":[{"taxonomy":"category","embeddable":true,"href":"https:\/\/eldiariodesanpedro.com.ar\/sitio\/wp-json\/wp\/v2\/categories?post=594"},{"taxonomy":"post_tag","embeddable":true,"href":"https:\/\/eldiariodesanpedro.com.ar\/sitio\/wp-json\/wp\/v2\/tags?post=594"}],"curies":[{"name":"wp","href":"https:\/\/api.w.org\/{rel}","templated":true}]}}