{"id":59389,"date":"2019-09-04T11:58:25","date_gmt":"2019-09-04T14:58:25","guid":{"rendered":"https:\/\/eldiariodesanpedro.com.ar\/sitio\/?p=59389"},"modified":"2019-09-04T11:58:30","modified_gmt":"2019-09-04T14:58:30","slug":"san-andres-de-giles-dan-vacaciones-a-90-empleados-de-un-frigorifico","status":"publish","type":"post","link":"https:\/\/eldiariodesanpedro.com.ar\/sitio\/san-andres-de-giles-dan-vacaciones-a-90-empleados-de-un-frigorifico\/","title":{"rendered":"SAN ANDR\u00c9S DE GILES | Dan vacaciones a 90 empleados de un frigor\u00edfico"},"content":{"rendered":"<!-- VideographyWP Plugin Message: Automatic video embedding prevented by plugin options. -->\n\n<p>\n\nLa crisis econ\u00f3mica se siente en San Andr\u00e9s de Giles. Esta ma\u00f1ana una importante empresa frigor\u00edfica local tuvo que tomar una emergente medida para paliar la dif\u00edcil situaci\u00f3n que atraviesan.<\/p>\n\n\n\n<p>Fuentes sindicales contaron a&nbsp;Infociudad&nbsp;que el frigor\u00edfico de la Av. Ntra. Sra. de Luj\u00e1n, hoy propiedad de la firma La Piamontesa (C\u00f3rdoba) decidi\u00f3 dar vacaciones a 90 empleados. Estas ser\u00edan pagas y tendr\u00edan como fin reorganizar el trabajo ante la baja de la producci\u00f3n.<\/p>\n\n\n\n<p>Seg\u00fan pudo averiguar este medio, el \u00e1rea modificada es la de desposte. Antes hab\u00eda dos circuitos, pero ante la merma del trabajo, solamente quedar\u00eda uno funcionando. Por esta raz\u00f3n, 90 empleados fueron puestos de vacaciones por la empresa.<\/p>\n\n\n\n<p>A su vez, la versi\u00f3n m\u00e1s importante es que la firma quiere preservar las fuentes de empleo y por esta raz\u00f3n est\u00e1 realizando esta medida. Desde el Sindicato de los Trabajadores de la Carne Mercedes, confirmaron a&nbsp;Infociudad&nbsp;que no hay despidos en el sector.<\/p>\n\n\n\n<p>La situaci\u00f3n de las empresas frigor\u00edficas es complicada en varias ciudades. Empresas de Mercedes, Suipacha y Luj\u00e1n, tambi\u00e9n habr\u00edan tomado medida similares ante la baja de trabajo.<\/p>\n\n\n\n<p>Para San Andr\u00e9s de Giles este sector es clave. Una gran cantidad de vecinos forman parte de este tipo de empresas, m\u00e1s all\u00e1 de los servicios que tambi\u00e9n contratan en nuestra ciudad.<\/p>\n\n\n\n<p>Fuente:  Info ciudad sag <\/p>\n","protected":false},"excerpt":{"rendered":"<p>La crisis econ\u00f3mica se siente en San Andr\u00e9s de Giles. Esta ma\u00f1ana una importante empresa frigor\u00edfica local tuvo que tomar una emergente medida para paliar la dif\u00edcil situaci\u00f3n que atraviesan. Fuentes sindicales contaron a&nbsp;Infociudad&nbsp;que el frigor\u00edfico de la Av. Ntra. Sra. de Luj\u00e1n, hoy propiedad de la firma La Piamontesa (C\u00f3rdoba) decidi\u00f3 dar vacaciones a [&hellip;]<\/p>\n","protected":false},"author":4,"featured_media":59392,"comment_status":"open","ping_status":"closed","sticky":false,"template":"","format":"standard","meta":{"om_disable_all_campaigns":false,"_jetpack_memberships_contains_paid_content":false,"footnotes":""},"categories":[621],"tags":[],"class_list":["post-59389","post","type-post","status-publish","format-standard","has-post-thumbnail","hentry","category-regionales"],"aioseo_notices":[],"gutentor_comment":0,"jetpack_featured_media_url":"https:\/\/eldiariodesanpedro.com.ar\/sitio\/wp-content\/uploads\/2019\/09\/trabajadores-camara-frigorifica-1280x720-696x392.jpg","jetpack_shortlink":"https:\/\/wp.me\/p6RhLt-frT","jetpack_sharing_enabled":true,"_links":{"self":[{"href":"https:\/\/eldiariodesanpedro.com.ar\/sitio\/wp-json\/wp\/v2\/posts\/59389","targetHints":{"allow":["GET"]}}],"collection":[{"href":"https:\/\/eldiariodesanpedro.com.ar\/sitio\/wp-json\/wp\/v2\/posts"}],"about":[{"href":"https:\/\/eldiariodesanpedro.com.ar\/sitio\/wp-json\/wp\/v2\/types\/post"}],"author":[{"embeddable":true,"href":"https:\/\/eldiariodesanpedro.com.ar\/sitio\/wp-json\/wp\/v2\/users\/4"}],"replies":[{"embeddable":true,"href":"https:\/\/eldiariodesanpedro.com.ar\/sitio\/wp-json\/wp\/v2\/comments?post=59389"}],"version-history":[{"count":1,"href":"https:\/\/eldiariodesanpedro.com.ar\/sitio\/wp-json\/wp\/v2\/posts\/59389\/revisions"}],"predecessor-version":[{"id":59393,"href":"https:\/\/eldiariodesanpedro.com.ar\/sitio\/wp-json\/wp\/v2\/posts\/59389\/revisions\/59393"}],"wp:featuredmedia":[{"embeddable":true,"href":"https:\/\/eldiariodesanpedro.com.ar\/sitio\/wp-json\/wp\/v2\/media\/59392"}],"wp:attachment":[{"href":"https:\/\/eldiariodesanpedro.com.ar\/sitio\/wp-json\/wp\/v2\/media?parent=59389"}],"wp:term":[{"taxonomy":"category","embeddable":true,"href":"https:\/\/eldiariodesanpedro.com.ar\/sitio\/wp-json\/wp\/v2\/categories?post=59389"},{"taxonomy":"post_tag","embeddable":true,"href":"https:\/\/eldiariodesanpedro.com.ar\/sitio\/wp-json\/wp\/v2\/tags?post=59389"}],"curies":[{"name":"wp","href":"https:\/\/api.w.org\/{rel}","templated":true}]}}