{"id":59388,"date":"2019-09-04T11:55:41","date_gmt":"2019-09-04T14:55:41","guid":{"rendered":"https:\/\/eldiariodesanpedro.com.ar\/sitio\/?p=59388"},"modified":"2019-09-04T11:55:45","modified_gmt":"2019-09-04T14:55:45","slug":"fue-aprehendido-por-tener-dos-pedidos-de-paradero-activo-por-causa-de-abuso-sexual-y-robo","status":"publish","type":"post","link":"https:\/\/eldiariodesanpedro.com.ar\/sitio\/fue-aprehendido-por-tener-dos-pedidos-de-paradero-activo-por-causa-de-abuso-sexual-y-robo\/","title":{"rendered":"Fue aprehendido por tener dos pedidos de paradero activo por causa de abuso sexual y robo"},"content":{"rendered":"<!-- VideographyWP Plugin Message: Automatic video embedding prevented by plugin options. -->\n\n<p>Tras operativos dispuestos por la superioridad, personal de comisaria local procedi\u00f3 a la aprehensi\u00f3n de un sujeto quien pose\u00eda pedido de paradero activo por una causa de abuso sexual y otra por robo.<\/p>\n\n\n\n<p>El hecho se produjo cuando los efectivos logran identificar a un joven de 25 a\u00f1os de edad, tras cursar sus datos en el sistema informatico policial donde registraba dos pedidos de paradero activo solicitados por UFI Nro. 11 y Tribunal Criminal Nro. 1, en causas penales por Abuso Sexual \u00a0y Robo Agravado, siendo este notificado a presentarse a primera audiencia a sede judicial \u00a0para regularizar situaciones.<\/p>\n\n\n\n<p>La aprehensi\u00f3n  fue en inmediaciones de calle Basabilvaso donde luego se procede al traslado a dependencia.<br><\/p>\n","protected":false},"excerpt":{"rendered":"<p>Tras operativos dispuestos por la superioridad, personal de comisaria local procedi\u00f3 a la aprehensi\u00f3n de un sujeto quien pose\u00eda pedido de paradero activo por una causa de abuso sexual y otra por robo. El hecho se produjo cuando los efectivos logran identificar a un joven de 25 a\u00f1os de edad, tras cursar sus datos en [&hellip;]<\/p>\n","protected":false},"author":4,"featured_media":58532,"comment_status":"open","ping_status":"closed","sticky":false,"template":"","format":"standard","meta":{"om_disable_all_campaigns":false,"_jetpack_memberships_contains_paid_content":false,"footnotes":""},"categories":[2,103],"tags":[],"class_list":["post-59388","post","type-post","status-publish","format-standard","has-post-thumbnail","hentry","category-locales","category-policiales-locales"],"aioseo_notices":[],"gutentor_comment":0,"jetpack_featured_media_url":"https:\/\/eldiariodesanpedro.com.ar\/sitio\/wp-content\/uploads\/2019\/08\/policia_detenido06.jpg","jetpack_shortlink":"https:\/\/wp.me\/p6RhLt-frS","jetpack_sharing_enabled":true,"_links":{"self":[{"href":"https:\/\/eldiariodesanpedro.com.ar\/sitio\/wp-json\/wp\/v2\/posts\/59388","targetHints":{"allow":["GET"]}}],"collection":[{"href":"https:\/\/eldiariodesanpedro.com.ar\/sitio\/wp-json\/wp\/v2\/posts"}],"about":[{"href":"https:\/\/eldiariodesanpedro.com.ar\/sitio\/wp-json\/wp\/v2\/types\/post"}],"author":[{"embeddable":true,"href":"https:\/\/eldiariodesanpedro.com.ar\/sitio\/wp-json\/wp\/v2\/users\/4"}],"replies":[{"embeddable":true,"href":"https:\/\/eldiariodesanpedro.com.ar\/sitio\/wp-json\/wp\/v2\/comments?post=59388"}],"version-history":[{"count":1,"href":"https:\/\/eldiariodesanpedro.com.ar\/sitio\/wp-json\/wp\/v2\/posts\/59388\/revisions"}],"predecessor-version":[{"id":59390,"href":"https:\/\/eldiariodesanpedro.com.ar\/sitio\/wp-json\/wp\/v2\/posts\/59388\/revisions\/59390"}],"wp:featuredmedia":[{"embeddable":true,"href":"https:\/\/eldiariodesanpedro.com.ar\/sitio\/wp-json\/wp\/v2\/media\/58532"}],"wp:attachment":[{"href":"https:\/\/eldiariodesanpedro.com.ar\/sitio\/wp-json\/wp\/v2\/media?parent=59388"}],"wp:term":[{"taxonomy":"category","embeddable":true,"href":"https:\/\/eldiariodesanpedro.com.ar\/sitio\/wp-json\/wp\/v2\/categories?post=59388"},{"taxonomy":"post_tag","embeddable":true,"href":"https:\/\/eldiariodesanpedro.com.ar\/sitio\/wp-json\/wp\/v2\/tags?post=59388"}],"curies":[{"name":"wp","href":"https:\/\/api.w.org\/{rel}","templated":true}]}}