{"id":59383,"date":"2019-09-04T11:45:49","date_gmt":"2019-09-04T14:45:49","guid":{"rendered":"https:\/\/eldiariodesanpedro.com.ar\/sitio\/?p=59383"},"modified":"2019-09-04T11:45:53","modified_gmt":"2019-09-04T14:45:53","slug":"varias-aprehensiones-por-tenencia-de-marihuana","status":"publish","type":"post","link":"https:\/\/eldiariodesanpedro.com.ar\/sitio\/varias-aprehensiones-por-tenencia-de-marihuana\/","title":{"rendered":"Varias aprehensiones por tenencia de marihuana"},"content":{"rendered":"<!-- VideographyWP Plugin Message: Automatic video embedding prevented by plugin options. -->\n\n<p>En horas llegadas a la media noche en diversos operativos de identificaci\u00f3n de personas y rodados que se llevan a cabo en prevenci\u00f3n en diversos puntos de la ciudad por orden de la superioridad, se procedieron a distintas aprehensiones en el marco a la infracci\u00f3n de la Ley 23.737.<\/p>\n\n\n\n<p> Primeramente se procedi\u00f3 a la aprehensi\u00f3n en calle G\u00fcemes y Sargento Celada de dos masculinos de 26 y 28 a\u00f1os de edad, secuestr\u00e1ndosele 2 bagullos de marihuana;<\/p>\n\n\n\n<p> En 11 de septiembre y Balcarce  se procedi\u00f3 a la aprehensi\u00f3n de un joven menor de edad, secuestr\u00e1ndosele 2 cigarrillos de marihuana que se encontraba junto a otro de 19,  secuestr\u00e1ndosele tambi\u00e9n 2 cigarrillos de marihuana y 2 bagullos de la misma sustancia.<\/p>\n\n\n\n<p>Todos alojados en la dependencia local tomando intervenci\u00f3n la Fiscalia N\u00ba5 a cargo del Dr Manso y para con el menor de edad, toma intervenci\u00f3n la Ufi del Joven de San Nicolas.<\/p>\n","protected":false},"excerpt":{"rendered":"<p>En horas llegadas a la media noche en diversos operativos de identificaci\u00f3n de personas y rodados que se llevan a cabo en prevenci\u00f3n en diversos puntos de la ciudad por orden de la superioridad, se procedieron a distintas aprehensiones en el marco a la infracci\u00f3n de la Ley 23.737. Primeramente se procedi\u00f3 a la aprehensi\u00f3n [&hellip;]<\/p>\n","protected":false},"author":4,"featured_media":59385,"comment_status":"open","ping_status":"closed","sticky":false,"template":"","format":"standard","meta":{"om_disable_all_campaigns":false,"_jetpack_memberships_contains_paid_content":false,"footnotes":""},"categories":[2,103],"tags":[],"class_list":["post-59383","post","type-post","status-publish","format-standard","has-post-thumbnail","hentry","category-locales","category-policiales-locales"],"aioseo_notices":[],"gutentor_comment":0,"jetpack_featured_media_url":"https:\/\/eldiariodesanpedro.com.ar\/sitio\/wp-content\/uploads\/2019\/09\/baguyo-marihuana-santa-lucia.jpg","jetpack_shortlink":"https:\/\/wp.me\/p6RhLt-frN","jetpack_sharing_enabled":true,"_links":{"self":[{"href":"https:\/\/eldiariodesanpedro.com.ar\/sitio\/wp-json\/wp\/v2\/posts\/59383","targetHints":{"allow":["GET"]}}],"collection":[{"href":"https:\/\/eldiariodesanpedro.com.ar\/sitio\/wp-json\/wp\/v2\/posts"}],"about":[{"href":"https:\/\/eldiariodesanpedro.com.ar\/sitio\/wp-json\/wp\/v2\/types\/post"}],"author":[{"embeddable":true,"href":"https:\/\/eldiariodesanpedro.com.ar\/sitio\/wp-json\/wp\/v2\/users\/4"}],"replies":[{"embeddable":true,"href":"https:\/\/eldiariodesanpedro.com.ar\/sitio\/wp-json\/wp\/v2\/comments?post=59383"}],"version-history":[{"count":1,"href":"https:\/\/eldiariodesanpedro.com.ar\/sitio\/wp-json\/wp\/v2\/posts\/59383\/revisions"}],"predecessor-version":[{"id":59386,"href":"https:\/\/eldiariodesanpedro.com.ar\/sitio\/wp-json\/wp\/v2\/posts\/59383\/revisions\/59386"}],"wp:featuredmedia":[{"embeddable":true,"href":"https:\/\/eldiariodesanpedro.com.ar\/sitio\/wp-json\/wp\/v2\/media\/59385"}],"wp:attachment":[{"href":"https:\/\/eldiariodesanpedro.com.ar\/sitio\/wp-json\/wp\/v2\/media?parent=59383"}],"wp:term":[{"taxonomy":"category","embeddable":true,"href":"https:\/\/eldiariodesanpedro.com.ar\/sitio\/wp-json\/wp\/v2\/categories?post=59383"},{"taxonomy":"post_tag","embeddable":true,"href":"https:\/\/eldiariodesanpedro.com.ar\/sitio\/wp-json\/wp\/v2\/tags?post=59383"}],"curies":[{"name":"wp","href":"https:\/\/api.w.org\/{rel}","templated":true}]}}