{"id":59375,"date":"2019-09-04T11:25:39","date_gmt":"2019-09-04T14:25:39","guid":{"rendered":"https:\/\/eldiariodesanpedro.com.ar\/sitio\/?p=59375"},"modified":"2019-09-04T11:31:22","modified_gmt":"2019-09-04T14:31:22","slug":"intendentes-exigen-a-vidal-la-emergencia-alimentaria","status":"publish","type":"post","link":"https:\/\/eldiariodesanpedro.com.ar\/sitio\/intendentes-exigen-a-vidal-la-emergencia-alimentaria\/","title":{"rendered":"Intendentes exigen a Vidal la emergencia alimentaria"},"content":{"rendered":"<!-- VideographyWP Plugin Message: Automatic video embedding prevented by plugin options. -->\n\n<p><strong>Varios Intendentes peronistas se sumaron al pedido de la Iglesia y entregaron una carta en la Casa de la Provincia.<\/strong><\/p>\n\n\n\n<p><strong>La provincia de Buenos Aires sufre como pocas las consecuencias del derrumbe de la econom\u00eda real, la crisis econ\u00f3mica y la destrucci\u00f3n del tejido social<\/strong>. En este sentido,&nbsp;<strong>desde hace tiempo el hambre golpe\u00f3 con fuerza al primer mostrador de la pol\u00edtica.<\/strong><\/p>\n\n\n\n<p>En un contexto de agravamiento de la situaci\u00f3n econ\u00f3mica y de falta de respuestas de la Provincia,&nbsp;<strong>este mediod\u00eda&nbsp;intendentes de los distritos justicialistas presentaron una carta a la gobernadora Mar\u00eda Eugenia Vidal exigiendo que declare la emergencia alimentaria, econ\u00f3mica y de seguridad.<\/strong><\/p>\n\n\n\n<p>De esta manera,<strong>&nbsp;la comitiva fue encabezada por la alcaldesa de La Matanza y candidata a vicegobernadora por el Frente de Todos, Ver\u00f3nica Magario y su colega del municipio de Ituzaing\u00f3, Alberto Descalzo.<\/strong><\/p>\n\n\n\n<p><strong>\u201cLa demanda alimentaria por parte de nuestros j\u00f3venes aumenta d\u00eda a d\u00eda. Como Municipio, garantizamos la alimentaci\u00f3n de 11 mil estudiantes de escuelas t\u00e9cnicas. Necesitamos un Gobierno provincial presente que acompa\u00f1e con medidas de urgencia en materia social\u201d,&nbsp;<\/strong>enfatiz\u00f3 Magario.<\/p>\n\n\n\n<p>En la misiva dirigida a la primera dama bonaerense, los intendentes peronistas se sumaron al pedido que realiz\u00f3&nbsp;<strong>la semana pasada la Comisi\u00f3n Epicospal de Pastoral Social presidida por monse\u00f1or Jorge Lugones,<\/strong>&nbsp;que ya hab\u00eda solicitado a Mauricio Macri la declaraci\u00f3n de la emergencia, y el Defensor del Pueblo bonaerense, Guido Lorenzino.<\/p>\n\n\n\n<p><strong>\u201cDesde el a\u00f1o pasado los intendentes peronistas de la provincia venimos pidiendo al gobierno provincial que declare la emergencia alimentaria. Apoyamos el pedido de la Conferencia Episcopal. Es imperioso escuchar al pueblo y declarar la emergencia alimentaria nacional\u201d,<\/strong>&nbsp;se\u00f1al\u00f3 Descalzo.<\/p>\n\n\n\n<p>Anteriormente, en marzo y mayo,&nbsp;<strong>los alcaldes ya se hab\u00edan dirigido a Vidal por cuestiones de seguridad y de recorte de fondos a los municipios pero no obtuvieron una respuesta certera.<\/strong><\/p>\n\n\n\n<p>En esas ocasiones participaron Mariano Cascallares, Patricio Mussi, Fernando Gray, Ariel Sujarchuk, Julio Pereyra, Leonardo Nardini, Juan Pablo de Jes\u00fas, Walter Festa, Mart\u00edn Insaurralde, Juan Zabaleta y Jorge Ferraresi, entre otros.<\/p>\n\n\n\n<p><strong>Fuente:&nbsp;<\/strong>Noticias Z\u00e1rate Alerta&nbsp;<\/p>\n","protected":false},"excerpt":{"rendered":"<p>Varios Intendentes peronistas se sumaron al pedido de la Iglesia y entregaron una carta en la Casa de la Provincia. La provincia de Buenos Aires sufre como pocas las consecuencias del derrumbe de la econom\u00eda real, la crisis econ\u00f3mica y la destrucci\u00f3n del tejido social. En este sentido,&nbsp;desde hace tiempo el hambre golpe\u00f3 con fuerza [&hellip;]<\/p>\n","protected":false},"author":4,"featured_media":59382,"comment_status":"open","ping_status":"closed","sticky":false,"template":"","format":"standard","meta":{"om_disable_all_campaigns":false,"_jetpack_memberships_contains_paid_content":false,"footnotes":""},"categories":[621],"tags":[],"class_list":["post-59375","post","type-post","status-publish","format-standard","has-post-thumbnail","hentry","category-regionales"],"aioseo_notices":[],"gutentor_comment":0,"jetpack_featured_media_url":"https:\/\/eldiariodesanpedro.com.ar\/sitio\/wp-content\/uploads\/2019\/09\/20190903115723_03_09_19_intendentes_vidal_1.jpg","jetpack_shortlink":"https:\/\/wp.me\/p6RhLt-frF","jetpack_sharing_enabled":true,"_links":{"self":[{"href":"https:\/\/eldiariodesanpedro.com.ar\/sitio\/wp-json\/wp\/v2\/posts\/59375","targetHints":{"allow":["GET"]}}],"collection":[{"href":"https:\/\/eldiariodesanpedro.com.ar\/sitio\/wp-json\/wp\/v2\/posts"}],"about":[{"href":"https:\/\/eldiariodesanpedro.com.ar\/sitio\/wp-json\/wp\/v2\/types\/post"}],"author":[{"embeddable":true,"href":"https:\/\/eldiariodesanpedro.com.ar\/sitio\/wp-json\/wp\/v2\/users\/4"}],"replies":[{"embeddable":true,"href":"https:\/\/eldiariodesanpedro.com.ar\/sitio\/wp-json\/wp\/v2\/comments?post=59375"}],"version-history":[{"count":1,"href":"https:\/\/eldiariodesanpedro.com.ar\/sitio\/wp-json\/wp\/v2\/posts\/59375\/revisions"}],"predecessor-version":[{"id":59376,"href":"https:\/\/eldiariodesanpedro.com.ar\/sitio\/wp-json\/wp\/v2\/posts\/59375\/revisions\/59376"}],"wp:featuredmedia":[{"embeddable":true,"href":"https:\/\/eldiariodesanpedro.com.ar\/sitio\/wp-json\/wp\/v2\/media\/59382"}],"wp:attachment":[{"href":"https:\/\/eldiariodesanpedro.com.ar\/sitio\/wp-json\/wp\/v2\/media?parent=59375"}],"wp:term":[{"taxonomy":"category","embeddable":true,"href":"https:\/\/eldiariodesanpedro.com.ar\/sitio\/wp-json\/wp\/v2\/categories?post=59375"},{"taxonomy":"post_tag","embeddable":true,"href":"https:\/\/eldiariodesanpedro.com.ar\/sitio\/wp-json\/wp\/v2\/tags?post=59375"}],"curies":[{"name":"wp","href":"https:\/\/api.w.org\/{rel}","templated":true}]}}