{"id":59372,"date":"2019-09-04T11:23:55","date_gmt":"2019-09-04T14:23:55","guid":{"rendered":"https:\/\/eldiariodesanpedro.com.ar\/sitio\/?p=59372"},"modified":"2019-09-04T11:24:00","modified_gmt":"2019-09-04T14:24:00","slug":"se-confirmo-la-postergacion-del-aumento-de-la-tarifa-de-gas-como-y-cuando-se-hara","status":"publish","type":"post","link":"https:\/\/eldiariodesanpedro.com.ar\/sitio\/se-confirmo-la-postergacion-del-aumento-de-la-tarifa-de-gas-como-y-cuando-se-hara\/","title":{"rendered":"Se confirm\u00f3 la postergaci\u00f3n del aumento de la tarifa de gas: \u00bfc\u00f3mo y cu\u00e1ndo se har\u00e1?"},"content":{"rendered":"<!-- VideographyWP Plugin Message: Automatic video embedding prevented by plugin options. -->\n\n<p>Este mi\u00e9rcoles, el Gobierno confirm\u00f3 en el&nbsp;<strong>Bolet\u00edn Oficial<\/strong>&nbsp;la postergaci\u00f3n del aumento de la tarifa de gas hasta enero del 2020.<\/p>\n\n\n\n<p>El nuevo ajuste (el anterior fue en marzo y roz\u00f3 el 29 por ciento),&nbsp;<strong>estaba previsto para octubre<\/strong>&nbsp;y era una actualizaci\u00f3n de lo que absorbi\u00f3 el Estado entre junio y septiembre a ra\u00edz de la aplicaci\u00f3n de una tarifa plana para los hogares.<\/p>\n\n\n\n<p>El secretario de Energ\u00eda&nbsp;Gustavo Lopetegui&nbsp;ya hab\u00eda anticipado a los medios que la nueva actualizaci\u00f3n hab\u00eda sido postergada para enero pero este mi\u00e9rcoles se termin\u00f3 de confirmar a trav\u00e9s de la Resoluci\u00f3n 521\/2019 del Bolet\u00edn Oficial.<\/p>\n\n\n\n<p>La resoluci\u00f3n de la Secretar\u00eda de Energ\u00eda, dependiente del Ministerio de Hacienda, se\u00f1ala que si se emitiesen los correspondientes cuadros tarifarios, \u201c<strong>en las actuales circunstancias macroecon\u00f3micas, podr\u00edan generarse efectos adversos en materia de reactivaci\u00f3n del consumo y de la actividad econ\u00f3mica en general\u201d<\/strong>.<\/p>\n\n\n\n<p>\u201cEl Estado Nacional se encuentra llevando adelante un programa de convergencia al equilibrio fiscal que le impide, en esta oportunidad, hacer frente a la compensaci\u00f3n que implicar\u00e1 el diferimiento de tal ajuste\u201d, agrega la resoluci\u00f3n en referencia a la marcha atr\u00e1s que ha emprendido el Gobierno con los ajustes tarifarios tras tomar nota del malestar de los electores el \u00faltimo 11 de agosto.<\/p>\n\n\n\n<p>Debido a esto, se prev\u00e9 que la compensaci\u00f3n del \u201c<strong>diferimiento de los ajustes tarifarios previstos<\/strong>\u201d se har\u00e1 a trav\u00e9s de una readecuaci\u00f3n del plan de inversiones de las licenciatarias de transporte y distribuci\u00f3n de gas.<\/p>\n\n\n\n<p>Dichas empresas fueron convocadas a presentar ante el\u00a0<strong>Ente Nacional Regulador del Gas<\/strong>(Enargas) en los pr\u00f3ximos treinta d\u00edas la readecuaci\u00f3n de \u201c<strong>las inversiones obligatorias a su cargo<\/strong>\u201c, que no podr\u00e1 \u201c<strong>afectar en modo alguno el cumplimiento de sus obligaciones frente a los usuarios\u201d en t\u00e9rminos de \u201cla seguridad y continuidad de la prestaci\u00f3n del servicio<\/strong>\u201c.<\/p>\n\n\n\n<p>Fuente: Impacto Local <\/p>\n","protected":false},"excerpt":{"rendered":"<p>Este mi\u00e9rcoles, el Gobierno confirm\u00f3 en el&nbsp;Bolet\u00edn Oficial&nbsp;la postergaci\u00f3n del aumento de la tarifa de gas hasta enero del 2020. El nuevo ajuste (el anterior fue en marzo y roz\u00f3 el 29 por ciento),&nbsp;estaba previsto para octubre&nbsp;y era una actualizaci\u00f3n de lo que absorbi\u00f3 el Estado entre junio y septiembre a ra\u00edz de la aplicaci\u00f3n [&hellip;]<\/p>\n","protected":false},"author":4,"featured_media":59373,"comment_status":"open","ping_status":"closed","sticky":false,"template":"","format":"standard","meta":{"om_disable_all_campaigns":false,"_jetpack_memberships_contains_paid_content":false,"footnotes":""},"categories":[621],"tags":[],"class_list":["post-59372","post","type-post","status-publish","format-standard","has-post-thumbnail","hentry","category-regionales"],"aioseo_notices":[],"gutentor_comment":0,"jetpack_featured_media_url":"https:\/\/eldiariodesanpedro.com.ar\/sitio\/wp-content\/uploads\/2019\/09\/0005919300.jpg","jetpack_shortlink":"https:\/\/wp.me\/p6RhLt-frC","jetpack_sharing_enabled":true,"_links":{"self":[{"href":"https:\/\/eldiariodesanpedro.com.ar\/sitio\/wp-json\/wp\/v2\/posts\/59372","targetHints":{"allow":["GET"]}}],"collection":[{"href":"https:\/\/eldiariodesanpedro.com.ar\/sitio\/wp-json\/wp\/v2\/posts"}],"about":[{"href":"https:\/\/eldiariodesanpedro.com.ar\/sitio\/wp-json\/wp\/v2\/types\/post"}],"author":[{"embeddable":true,"href":"https:\/\/eldiariodesanpedro.com.ar\/sitio\/wp-json\/wp\/v2\/users\/4"}],"replies":[{"embeddable":true,"href":"https:\/\/eldiariodesanpedro.com.ar\/sitio\/wp-json\/wp\/v2\/comments?post=59372"}],"version-history":[{"count":1,"href":"https:\/\/eldiariodesanpedro.com.ar\/sitio\/wp-json\/wp\/v2\/posts\/59372\/revisions"}],"predecessor-version":[{"id":59374,"href":"https:\/\/eldiariodesanpedro.com.ar\/sitio\/wp-json\/wp\/v2\/posts\/59372\/revisions\/59374"}],"wp:featuredmedia":[{"embeddable":true,"href":"https:\/\/eldiariodesanpedro.com.ar\/sitio\/wp-json\/wp\/v2\/media\/59373"}],"wp:attachment":[{"href":"https:\/\/eldiariodesanpedro.com.ar\/sitio\/wp-json\/wp\/v2\/media?parent=59372"}],"wp:term":[{"taxonomy":"category","embeddable":true,"href":"https:\/\/eldiariodesanpedro.com.ar\/sitio\/wp-json\/wp\/v2\/categories?post=59372"},{"taxonomy":"post_tag","embeddable":true,"href":"https:\/\/eldiariodesanpedro.com.ar\/sitio\/wp-json\/wp\/v2\/tags?post=59372"}],"curies":[{"name":"wp","href":"https:\/\/api.w.org\/{rel}","templated":true}]}}