{"id":59369,"date":"2019-09-04T11:18:35","date_gmt":"2019-09-04T14:18:35","guid":{"rendered":"https:\/\/eldiariodesanpedro.com.ar\/sitio\/?p=59369"},"modified":"2019-09-04T11:18:39","modified_gmt":"2019-09-04T14:18:39","slug":"zarate-tira-piedras-atacan-a-auto-de-concejal-del-frente-de-todos","status":"publish","type":"post","link":"https:\/\/eldiariodesanpedro.com.ar\/sitio\/zarate-tira-piedras-atacan-a-auto-de-concejal-del-frente-de-todos\/","title":{"rendered":"Z\u00c1RATE | \u201cTira piedras\u201d atacan a auto de concejal del Frente de Todos"},"content":{"rendered":"<!-- VideographyWP Plugin Message: Automatic video embedding prevented by plugin options. -->\n\n<p>El Concejal del PJ-Frente de Todos de la ciudad de Campana, Marco Colella, fue v\u00edctima de los tirapiedras y su auto un Chevrolet Onix result\u00f3 con el parabrisas roto, luego que malvivientes arrojaran adoquines contra el veh\u00edculo cuando \u00e9ste circulaba por la Autov\u00eda 6, a metros de la rotonda de calle Chacabuco, altura barrio Villanueva.<\/p>\n\n\n\n<p>\u201cPersonal policial se hizo presente en pocos minutos, y me comentaron que esta modalidad se repite en las\u200b zonas de Ruta 6 y Ruta 9.\u00a0 Que aparentemente lo vienen controlando con maniobras disuasivas con m\u00f3viles apostados en la zona del km 80 pero se va moviendo permanentemente, siendo el primer caso en este tramo y por suerte no pas\u00f3 a mayores\u201d expres\u00f3 Collela.<\/p>\n\n\n\n<p>Finalmente, radic\u00f3 la denuncia policial correspondiente. <\/p>\n\n\n\n<p>Fuente: Impacto Local <\/p>\n","protected":false},"excerpt":{"rendered":"<p>El Concejal del PJ-Frente de Todos de la ciudad de Campana, Marco Colella, fue v\u00edctima de los tirapiedras y su auto un Chevrolet Onix result\u00f3 con el parabrisas roto, luego que malvivientes arrojaran adoquines contra el veh\u00edculo cuando \u00e9ste circulaba por la Autov\u00eda 6, a metros de la rotonda de calle Chacabuco, altura barrio Villanueva. [&hellip;]<\/p>\n","protected":false},"author":4,"featured_media":59370,"comment_status":"open","ping_status":"closed","sticky":false,"template":"","format":"standard","meta":{"om_disable_all_campaigns":false,"_jetpack_memberships_contains_paid_content":false,"footnotes":""},"categories":[621],"tags":[],"class_list":["post-59369","post","type-post","status-publish","format-standard","has-post-thumbnail","hentry","category-regionales"],"aioseo_notices":[],"gutentor_comment":0,"jetpack_featured_media_url":"https:\/\/eldiariodesanpedro.com.ar\/sitio\/wp-content\/uploads\/2019\/09\/69406349_483494499158494_904483296077938688_n.jpg","jetpack_shortlink":"https:\/\/wp.me\/p6RhLt-frz","jetpack_sharing_enabled":true,"_links":{"self":[{"href":"https:\/\/eldiariodesanpedro.com.ar\/sitio\/wp-json\/wp\/v2\/posts\/59369","targetHints":{"allow":["GET"]}}],"collection":[{"href":"https:\/\/eldiariodesanpedro.com.ar\/sitio\/wp-json\/wp\/v2\/posts"}],"about":[{"href":"https:\/\/eldiariodesanpedro.com.ar\/sitio\/wp-json\/wp\/v2\/types\/post"}],"author":[{"embeddable":true,"href":"https:\/\/eldiariodesanpedro.com.ar\/sitio\/wp-json\/wp\/v2\/users\/4"}],"replies":[{"embeddable":true,"href":"https:\/\/eldiariodesanpedro.com.ar\/sitio\/wp-json\/wp\/v2\/comments?post=59369"}],"version-history":[{"count":1,"href":"https:\/\/eldiariodesanpedro.com.ar\/sitio\/wp-json\/wp\/v2\/posts\/59369\/revisions"}],"predecessor-version":[{"id":59371,"href":"https:\/\/eldiariodesanpedro.com.ar\/sitio\/wp-json\/wp\/v2\/posts\/59369\/revisions\/59371"}],"wp:featuredmedia":[{"embeddable":true,"href":"https:\/\/eldiariodesanpedro.com.ar\/sitio\/wp-json\/wp\/v2\/media\/59370"}],"wp:attachment":[{"href":"https:\/\/eldiariodesanpedro.com.ar\/sitio\/wp-json\/wp\/v2\/media?parent=59369"}],"wp:term":[{"taxonomy":"category","embeddable":true,"href":"https:\/\/eldiariodesanpedro.com.ar\/sitio\/wp-json\/wp\/v2\/categories?post=59369"},{"taxonomy":"post_tag","embeddable":true,"href":"https:\/\/eldiariodesanpedro.com.ar\/sitio\/wp-json\/wp\/v2\/tags?post=59369"}],"curies":[{"name":"wp","href":"https:\/\/api.w.org\/{rel}","templated":true}]}}