{"id":59362,"date":"2019-09-04T11:15:35","date_gmt":"2019-09-04T14:15:35","guid":{"rendered":"https:\/\/eldiariodesanpedro.com.ar\/sitio\/?p=59362"},"modified":"2019-09-04T11:15:41","modified_gmt":"2019-09-04T14:15:41","slug":"campana-local-del-parador-sufrio-cinco-robos-en-lo-que-va-del-ano","status":"publish","type":"post","link":"https:\/\/eldiariodesanpedro.com.ar\/sitio\/campana-local-del-parador-sufrio-cinco-robos-en-lo-que-va-del-ano\/","title":{"rendered":"CAMPANA | Local del Parador sufri\u00f3 cinco robos en lo que va del a\u00f1o"},"content":{"rendered":"<!-- VideographyWP Plugin Message: Automatic video embedding prevented by plugin options. -->\n\n<p> Su propietaria nos hizo llegar un video del \u00faltimo hecho, ocurrido d\u00edas pasados. En las im\u00e1genes, dos sujetos rompen el vidrio y se llevaron varios objetos de valor. Adem\u00e1s, es el tercer hecho en los \u00faltimos 45 d\u00edas.<\/p>\n\n\n\n<figure class=\"wp-block-embed-youtube wp-block-embed is-type-video is-provider-youtube wp-embed-aspect-16-9 wp-has-aspect-ratio\"><div class=\"wp-block-embed__wrapper\">\n<iframe  style=\"display: block; margin: 0px auto;\"  id=\"_ytid_51638\"  width=\"640\" height=\"360\"  data-origwidth=\"640\" data-origheight=\"360\" src=\"https:\/\/www.youtube.com\/embed\/KBGPpKtxc0k?enablejsapi=1&#038;autoplay=0&#038;cc_load_policy=0&#038;cc_lang_pref=&#038;iv_load_policy=1&#038;loop=0&#038;rel=1&#038;fs=1&#038;playsinline=0&#038;autohide=2&#038;theme=dark&#038;color=red&#038;controls=1&#038;disablekb=0&#038;\" class=\"__youtube_prefs__  epyt-is-override  no-lazyload\" title=\"YouTube player\"  allow=\"fullscreen; accelerometer; autoplay; clipboard-write; encrypted-media; gyroscope; picture-in-picture; web-share\" referrerpolicy=\"strict-origin-when-cross-origin\" allowfullscreen data-no-lazy=\"1\" data-skipgform_ajax_framebjll=\"\"><\/iframe>\n<\/div><\/figure>\n\n\n\n<p>\n\nCansada. Una palabra que resume la principal sensaci\u00f3n de la propietaria de uno de los locales de venta de pasajes del Parador Travel Fast, el cual fue robado\u2026 una vez m\u00e1s.<\/p>\n\n\n\n<p>Las c\u00e1maras de seguridad all\u00ed instaladas no amedrentaron a los delincuentes. Pero si permitieron ver casi con detalles el hecho: impunemente, rompen el vidrio con la mano y alg\u00fan objeto contundente, luego de intentarlo varias veces e incluso darle patadas. Conseguido el objetivo, sustraer varios objetos que la damnificada no quiso detallar.<\/p>\n\n\n\n<p>Lamentablemente, para la v\u00edctima no es nada nuevo. Se trata del tercer robo sufrido en los \u00faltimos 45 d\u00edas, llegando as\u00ed a los cinco hechos del \u00faltimo a\u00f1o. <\/p>\n\n\n\n<p>Fuente: Campana Noticias<\/p>\n\n\n\n<figure class=\"wp-block-image\"><img decoding=\"async\" width=\"1024\" height=\"576\" data-attachment-id=\"59364\" data-permalink=\"https:\/\/eldiariodesanpedro.com.ar\/sitio\/campana-local-del-parador-sufrio-cinco-robos-en-lo-que-va-del-ano\/parador-de-campana\/\" data-orig-file=\"https:\/\/eldiariodesanpedro.com.ar\/sitio\/wp-content\/uploads\/2019\/09\/parador-de-campana.jpg\" data-orig-size=\"1024,576\" data-comments-opened=\"1\" data-image-meta=\"{&quot;aperture&quot;:&quot;0&quot;,&quot;credit&quot;:&quot;&quot;,&quot;camera&quot;:&quot;&quot;,&quot;caption&quot;:&quot;&quot;,&quot;created_timestamp&quot;:&quot;0&quot;,&quot;copyright&quot;:&quot;&quot;,&quot;focal_length&quot;:&quot;0&quot;,&quot;iso&quot;:&quot;0&quot;,&quot;shutter_speed&quot;:&quot;0&quot;,&quot;title&quot;:&quot;&quot;,&quot;orientation&quot;:&quot;0&quot;}\" data-image-title=\"parador-de-campana\" data-image-description=\"\" data-image-caption=\"\" data-large-file=\"https:\/\/eldiariodesanpedro.com.ar\/sitio\/wp-content\/uploads\/2019\/09\/parador-de-campana-1024x576.jpg\" data-src=\"https:\/\/eldiariodesanpedro.com.ar\/sitio\/wp-content\/uploads\/2019\/09\/parador-de-campana-1024x576.jpg\" alt=\"\" class=\"wp-image-59364 lazyload\" data-srcset=\"https:\/\/eldiariodesanpedro.com.ar\/sitio\/wp-content\/uploads\/2019\/09\/parador-de-campana.jpg 1024w, https:\/\/eldiariodesanpedro.com.ar\/sitio\/wp-content\/uploads\/2019\/09\/parador-de-campana-300x169.jpg 300w, https:\/\/eldiariodesanpedro.com.ar\/sitio\/wp-content\/uploads\/2019\/09\/parador-de-campana-768x432.jpg 768w\" data-sizes=\"(max-width: 1024px) 100vw, 1024px\" src=\"data:image\/svg+xml;base64,PHN2ZyB3aWR0aD0iMSIgaGVpZ2h0PSIxIiB4bWxucz0iaHR0cDovL3d3dy53My5vcmcvMjAwMC9zdmciPjwvc3ZnPg==\" style=\"--smush-placeholder-width: 1024px; --smush-placeholder-aspect-ratio: 1024\/576;\" \/><\/figure>\n","protected":false},"excerpt":{"rendered":"<p>Su propietaria nos hizo llegar un video del \u00faltimo hecho, ocurrido d\u00edas pasados. En las im\u00e1genes, dos sujetos rompen el vidrio y se llevaron varios objetos de valor. Adem\u00e1s, es el tercer hecho en los \u00faltimos 45 d\u00edas. Cansada. Una palabra que resume la principal sensaci\u00f3n de la propietaria de uno de los locales de [&hellip;]<\/p>\n","protected":false},"author":4,"featured_media":59363,"comment_status":"open","ping_status":"closed","sticky":false,"template":"","format":"standard","meta":{"om_disable_all_campaigns":false,"_jetpack_memberships_contains_paid_content":false,"footnotes":""},"categories":[621],"tags":[],"class_list":["post-59362","post","type-post","status-publish","format-standard","has-post-thumbnail","hentry","category-regionales"],"aioseo_notices":[],"gutentor_comment":0,"jetpack_featured_media_url":"https:\/\/eldiariodesanpedro.com.ar\/sitio\/wp-content\/uploads\/2019\/09\/2019-09-04.png","jetpack_shortlink":"https:\/\/wp.me\/p6RhLt-frs","jetpack_sharing_enabled":true,"_links":{"self":[{"href":"https:\/\/eldiariodesanpedro.com.ar\/sitio\/wp-json\/wp\/v2\/posts\/59362","targetHints":{"allow":["GET"]}}],"collection":[{"href":"https:\/\/eldiariodesanpedro.com.ar\/sitio\/wp-json\/wp\/v2\/posts"}],"about":[{"href":"https:\/\/eldiariodesanpedro.com.ar\/sitio\/wp-json\/wp\/v2\/types\/post"}],"author":[{"embeddable":true,"href":"https:\/\/eldiariodesanpedro.com.ar\/sitio\/wp-json\/wp\/v2\/users\/4"}],"replies":[{"embeddable":true,"href":"https:\/\/eldiariodesanpedro.com.ar\/sitio\/wp-json\/wp\/v2\/comments?post=59362"}],"version-history":[{"count":1,"href":"https:\/\/eldiariodesanpedro.com.ar\/sitio\/wp-json\/wp\/v2\/posts\/59362\/revisions"}],"predecessor-version":[{"id":59365,"href":"https:\/\/eldiariodesanpedro.com.ar\/sitio\/wp-json\/wp\/v2\/posts\/59362\/revisions\/59365"}],"wp:featuredmedia":[{"embeddable":true,"href":"https:\/\/eldiariodesanpedro.com.ar\/sitio\/wp-json\/wp\/v2\/media\/59363"}],"wp:attachment":[{"href":"https:\/\/eldiariodesanpedro.com.ar\/sitio\/wp-json\/wp\/v2\/media?parent=59362"}],"wp:term":[{"taxonomy":"category","embeddable":true,"href":"https:\/\/eldiariodesanpedro.com.ar\/sitio\/wp-json\/wp\/v2\/categories?post=59362"},{"taxonomy":"post_tag","embeddable":true,"href":"https:\/\/eldiariodesanpedro.com.ar\/sitio\/wp-json\/wp\/v2\/tags?post=59362"}],"curies":[{"name":"wp","href":"https:\/\/api.w.org\/{rel}","templated":true}]}}