{"id":59359,"date":"2019-09-04T11:11:26","date_gmt":"2019-09-04T14:11:26","guid":{"rendered":"https:\/\/eldiariodesanpedro.com.ar\/sitio\/?p=59359"},"modified":"2019-09-04T11:11:30","modified_gmt":"2019-09-04T14:11:30","slug":"ramallo-la-escuela-canina-municipal-presenta-nuevos-cursos","status":"publish","type":"post","link":"https:\/\/eldiariodesanpedro.com.ar\/sitio\/ramallo-la-escuela-canina-municipal-presenta-nuevos-cursos\/","title":{"rendered":"RAMALLO | La Escuela Canina Municipal presenta nuevos cursos"},"content":{"rendered":"<!-- VideographyWP Plugin Message: Automatic video embedding prevented by plugin options. -->\n\n<p>La Municipalidad de Ramallo invita a los vecinos a participar de los nuevos cursos de la Escuela Canina Municipal.<\/p>\n\n\n\n<p>Las nuevas capacitaciones, libres y gratuitas, son: Talleres sobre problemas de Conducta Canina; Curso Te\u00f3rico-Pr\u00e1ctico. \u00abYo Adiestro a Mi Perro\u00bb; y Curso Te\u00f3rico-Pr\u00e1ctico de \u00abAdiestrador Canino Profesional\u00bb.<\/p>\n\n\n\n<p>Las inscripciones se reciben en la Subsecretar\u00eda de Seguridad, o v\u00eda WhatsApp al tel\u00e9fono (3407) 40-1234. Los cursos son libres y gratuito para todos los ciudadanos mayores de 16 a\u00f1os del Partido de Ramallo. Cierre de inscripci\u00f3n: lunes 9 de septiembre.<\/p>\n\n\n\n<p>Fuente: Ramallo Ciudad<\/p>\n","protected":false},"excerpt":{"rendered":"<p>La Municipalidad de Ramallo invita a los vecinos a participar de los nuevos cursos de la Escuela Canina Municipal. Las nuevas capacitaciones, libres y gratuitas, son: Talleres sobre problemas de Conducta Canina; Curso Te\u00f3rico-Pr\u00e1ctico. \u00abYo Adiestro a Mi Perro\u00bb; y Curso Te\u00f3rico-Pr\u00e1ctico de \u00abAdiestrador Canino Profesional\u00bb. Las inscripciones se reciben en la Subsecretar\u00eda de Seguridad, [&hellip;]<\/p>\n","protected":false},"author":4,"featured_media":59360,"comment_status":"open","ping_status":"closed","sticky":false,"template":"","format":"standard","meta":{"om_disable_all_campaigns":false,"_jetpack_memberships_contains_paid_content":false,"footnotes":""},"categories":[621],"tags":[],"class_list":["post-59359","post","type-post","status-publish","format-standard","has-post-thumbnail","hentry","category-regionales"],"aioseo_notices":[],"gutentor_comment":0,"jetpack_featured_media_url":"https:\/\/eldiariodesanpedro.com.ar\/sitio\/wp-content\/uploads\/2019\/09\/bbx_800668425_1_escuela.jpg","jetpack_shortlink":"https:\/\/wp.me\/p6RhLt-frp","jetpack_sharing_enabled":true,"_links":{"self":[{"href":"https:\/\/eldiariodesanpedro.com.ar\/sitio\/wp-json\/wp\/v2\/posts\/59359","targetHints":{"allow":["GET"]}}],"collection":[{"href":"https:\/\/eldiariodesanpedro.com.ar\/sitio\/wp-json\/wp\/v2\/posts"}],"about":[{"href":"https:\/\/eldiariodesanpedro.com.ar\/sitio\/wp-json\/wp\/v2\/types\/post"}],"author":[{"embeddable":true,"href":"https:\/\/eldiariodesanpedro.com.ar\/sitio\/wp-json\/wp\/v2\/users\/4"}],"replies":[{"embeddable":true,"href":"https:\/\/eldiariodesanpedro.com.ar\/sitio\/wp-json\/wp\/v2\/comments?post=59359"}],"version-history":[{"count":1,"href":"https:\/\/eldiariodesanpedro.com.ar\/sitio\/wp-json\/wp\/v2\/posts\/59359\/revisions"}],"predecessor-version":[{"id":59361,"href":"https:\/\/eldiariodesanpedro.com.ar\/sitio\/wp-json\/wp\/v2\/posts\/59359\/revisions\/59361"}],"wp:featuredmedia":[{"embeddable":true,"href":"https:\/\/eldiariodesanpedro.com.ar\/sitio\/wp-json\/wp\/v2\/media\/59360"}],"wp:attachment":[{"href":"https:\/\/eldiariodesanpedro.com.ar\/sitio\/wp-json\/wp\/v2\/media?parent=59359"}],"wp:term":[{"taxonomy":"category","embeddable":true,"href":"https:\/\/eldiariodesanpedro.com.ar\/sitio\/wp-json\/wp\/v2\/categories?post=59359"},{"taxonomy":"post_tag","embeddable":true,"href":"https:\/\/eldiariodesanpedro.com.ar\/sitio\/wp-json\/wp\/v2\/tags?post=59359"}],"curies":[{"name":"wp","href":"https:\/\/api.w.org\/{rel}","templated":true}]}}