{"id":59355,"date":"2019-09-04T11:09:01","date_gmt":"2019-09-04T14:09:01","guid":{"rendered":"https:\/\/eldiariodesanpedro.com.ar\/sitio\/?p=59355"},"modified":"2019-09-04T11:09:29","modified_gmt":"2019-09-04T14:09:29","slug":"ramallo-el-jardin-n-901-lleva-una-semana-sin-clases-porque-no-destapan-las-canerias","status":"publish","type":"post","link":"https:\/\/eldiariodesanpedro.com.ar\/sitio\/ramallo-el-jardin-n-901-lleva-una-semana-sin-clases-porque-no-destapan-las-canerias\/","title":{"rendered":"RAMALLO | El Jard\u00edn N\u00b0 901 lleva una semana sin clases porque no destapan las ca\u00f1er\u00edas"},"content":{"rendered":"<!-- VideographyWP Plugin Message: Automatic video embedding prevented by plugin options. -->\n\n<p>El Jard\u00edn de Infantes N\u00b0901 \u201cConstancio Vigil\u201d de Villa Ramallo lleva ya una semana sin dictar clases a causa de tener los ba\u00f1os tapados. Los padres apuntan a las autoridades del Consejo Escolar por la inacci\u00f3n para solucionar el tema.<\/p>\n\n\n\n<p>Desde la instituci\u00f3n informaron que una ra\u00edz de un \u00e1rbol da\u00f1o el drenaje de la c\u00e1mara s\u00e9ptica, por lo cual hace que no se pueda usar los ba\u00f1os o desag\u00fces. Esta situaci\u00f3n fue alertada hace una semana, pero desde el Consejo Escolar no han dado respuesta todav\u00eda.<\/p>\n\n\n\n<p>Los padres de los alumnos han mostrado su enojo ante la lentitud que lleva a las autoridades del Consejo en resolver el conflicto, que lleva una semana sin clases para los m\u00e1s chiquitos.<\/p>\n\n\n\n<p>Fuente: Ramallo Ciudad<\/p>\n","protected":false},"excerpt":{"rendered":"<p>El Jard\u00edn de Infantes N\u00b0901 \u201cConstancio Vigil\u201d de Villa Ramallo lleva ya una semana sin dictar clases a causa de tener los ba\u00f1os tapados. Los padres apuntan a las autoridades del Consejo Escolar por la inacci\u00f3n para solucionar el tema. Desde la instituci\u00f3n informaron que una ra\u00edz de un \u00e1rbol da\u00f1o el drenaje de la [&hellip;]<\/p>\n","protected":false},"author":4,"featured_media":59356,"comment_status":"open","ping_status":"closed","sticky":false,"template":"","format":"standard","meta":{"om_disable_all_campaigns":false,"_jetpack_memberships_contains_paid_content":false,"footnotes":""},"categories":[621],"tags":[],"class_list":["post-59355","post","type-post","status-publish","format-standard","has-post-thumbnail","hentry","category-regionales"],"aioseo_notices":[],"gutentor_comment":0,"jetpack_featured_media_url":"https:\/\/eldiariodesanpedro.com.ar\/sitio\/wp-content\/uploads\/2019\/09\/bbx_800668425_1_WhatsApp_Image_2019-09-0.jpeg","jetpack_shortlink":"https:\/\/wp.me\/p6RhLt-frl","jetpack_sharing_enabled":true,"_links":{"self":[{"href":"https:\/\/eldiariodesanpedro.com.ar\/sitio\/wp-json\/wp\/v2\/posts\/59355","targetHints":{"allow":["GET"]}}],"collection":[{"href":"https:\/\/eldiariodesanpedro.com.ar\/sitio\/wp-json\/wp\/v2\/posts"}],"about":[{"href":"https:\/\/eldiariodesanpedro.com.ar\/sitio\/wp-json\/wp\/v2\/types\/post"}],"author":[{"embeddable":true,"href":"https:\/\/eldiariodesanpedro.com.ar\/sitio\/wp-json\/wp\/v2\/users\/4"}],"replies":[{"embeddable":true,"href":"https:\/\/eldiariodesanpedro.com.ar\/sitio\/wp-json\/wp\/v2\/comments?post=59355"}],"version-history":[{"count":2,"href":"https:\/\/eldiariodesanpedro.com.ar\/sitio\/wp-json\/wp\/v2\/posts\/59355\/revisions"}],"predecessor-version":[{"id":59358,"href":"https:\/\/eldiariodesanpedro.com.ar\/sitio\/wp-json\/wp\/v2\/posts\/59355\/revisions\/59358"}],"wp:featuredmedia":[{"embeddable":true,"href":"https:\/\/eldiariodesanpedro.com.ar\/sitio\/wp-json\/wp\/v2\/media\/59356"}],"wp:attachment":[{"href":"https:\/\/eldiariodesanpedro.com.ar\/sitio\/wp-json\/wp\/v2\/media?parent=59355"}],"wp:term":[{"taxonomy":"category","embeddable":true,"href":"https:\/\/eldiariodesanpedro.com.ar\/sitio\/wp-json\/wp\/v2\/categories?post=59355"},{"taxonomy":"post_tag","embeddable":true,"href":"https:\/\/eldiariodesanpedro.com.ar\/sitio\/wp-json\/wp\/v2\/tags?post=59355"}],"curies":[{"name":"wp","href":"https:\/\/api.w.org\/{rel}","templated":true}]}}