{"id":59354,"date":"2019-09-04T11:28:59","date_gmt":"2019-09-04T14:28:59","guid":{"rendered":"https:\/\/eldiariodesanpedro.com.ar\/sitio\/?p=59354"},"modified":"2019-09-04T11:29:03","modified_gmt":"2019-09-04T14:29:03","slug":"inquilino-de-cabanas-fue-aprehendido-por-sustraer-ropa-de-cama","status":"publish","type":"post","link":"https:\/\/eldiariodesanpedro.com.ar\/sitio\/inquilino-de-cabanas-fue-aprehendido-por-sustraer-ropa-de-cama\/","title":{"rendered":"Inquilino de caba\u00f1as fue aprehendido por sustraer ropa de cama"},"content":{"rendered":"<!-- VideographyWP Plugin Message: Automatic video embedding prevented by plugin options. -->\n\n<p>Sucedi\u00f3 en unas caba\u00f1as ubicadas en el Paraje de Vuelta de Obligado, su propietaria alerto al personal policial y tras r\u00e1pido accionar fue aprehendido el delincuente a pocos metros del lugar.<\/p>\n\n\n\n<p>El inquilino se hospedaba en una de las caba\u00f1as sitas en intersecci\u00f3n de la calle Lucio Mansilla y Balandra, Paraje de Vuelta de Obligado, cuando la moradora constata el faltante de ropas de cama en la habitaci\u00f3n.<\/p>\n\n\n\n<p>Al alertar a los efectivos el inquilino delincuente se da a la fuga y aprehendido a pocos metros con los elementos mencionados.<\/p>\n\n\n\n<p>Recuperado lo sustra\u00eddo es alojado en la comisaria local a la espera de la intervenci\u00f3n de la Fiscalia en turno.<\/p>\n","protected":false},"excerpt":{"rendered":"<p>Sucedi\u00f3 en unas caba\u00f1as ubicadas en el Paraje de Vuelta de Obligado, su propietaria alerto al personal policial y tras r\u00e1pido accionar fue aprehendido el delincuente a pocos metros del lugar. El inquilino se hospedaba en una de las caba\u00f1as sitas en intersecci\u00f3n de la calle Lucio Mansilla y Balandra, Paraje de Vuelta de Obligado, [&hellip;]<\/p>\n","protected":false},"author":4,"featured_media":57469,"comment_status":"open","ping_status":"closed","sticky":false,"template":"","format":"standard","meta":{"om_disable_all_campaigns":false,"_jetpack_memberships_contains_paid_content":false,"footnotes":""},"categories":[2,103],"tags":[],"class_list":["post-59354","post","type-post","status-publish","format-standard","has-post-thumbnail","hentry","category-locales","category-policiales-locales"],"aioseo_notices":[],"gutentor_comment":0,"jetpack_featured_media_url":"https:\/\/eldiariodesanpedro.com.ar\/sitio\/wp-content\/uploads\/2019\/08\/detenido.jpg","jetpack_shortlink":"https:\/\/wp.me\/p6RhLt-frk","jetpack_sharing_enabled":true,"_links":{"self":[{"href":"https:\/\/eldiariodesanpedro.com.ar\/sitio\/wp-json\/wp\/v2\/posts\/59354","targetHints":{"allow":["GET"]}}],"collection":[{"href":"https:\/\/eldiariodesanpedro.com.ar\/sitio\/wp-json\/wp\/v2\/posts"}],"about":[{"href":"https:\/\/eldiariodesanpedro.com.ar\/sitio\/wp-json\/wp\/v2\/types\/post"}],"author":[{"embeddable":true,"href":"https:\/\/eldiariodesanpedro.com.ar\/sitio\/wp-json\/wp\/v2\/users\/4"}],"replies":[{"embeddable":true,"href":"https:\/\/eldiariodesanpedro.com.ar\/sitio\/wp-json\/wp\/v2\/comments?post=59354"}],"version-history":[{"count":1,"href":"https:\/\/eldiariodesanpedro.com.ar\/sitio\/wp-json\/wp\/v2\/posts\/59354\/revisions"}],"predecessor-version":[{"id":59379,"href":"https:\/\/eldiariodesanpedro.com.ar\/sitio\/wp-json\/wp\/v2\/posts\/59354\/revisions\/59379"}],"wp:featuredmedia":[{"embeddable":true,"href":"https:\/\/eldiariodesanpedro.com.ar\/sitio\/wp-json\/wp\/v2\/media\/57469"}],"wp:attachment":[{"href":"https:\/\/eldiariodesanpedro.com.ar\/sitio\/wp-json\/wp\/v2\/media?parent=59354"}],"wp:term":[{"taxonomy":"category","embeddable":true,"href":"https:\/\/eldiariodesanpedro.com.ar\/sitio\/wp-json\/wp\/v2\/categories?post=59354"},{"taxonomy":"post_tag","embeddable":true,"href":"https:\/\/eldiariodesanpedro.com.ar\/sitio\/wp-json\/wp\/v2\/tags?post=59354"}],"curies":[{"name":"wp","href":"https:\/\/api.w.org\/{rel}","templated":true}]}}