{"id":59350,"date":"2019-09-04T10:50:31","date_gmt":"2019-09-04T13:50:31","guid":{"rendered":"https:\/\/eldiariodesanpedro.com.ar\/sitio\/?p=59350"},"modified":"2019-09-04T10:50:35","modified_gmt":"2019-09-04T13:50:35","slug":"charla-abierta-sobre-salud-plena-en-la-clinica-sadiv","status":"publish","type":"post","link":"https:\/\/eldiariodesanpedro.com.ar\/sitio\/charla-abierta-sobre-salud-plena-en-la-clinica-sadiv\/","title":{"rendered":"Charla abierta sobre \u201cSalud Plena\u201d en la cl\u00ednica SADIV"},"content":{"rendered":"<!-- VideographyWP Plugin Message: Automatic video embedding prevented by plugin options. -->\n\n<p>Continuando con el ciclo de charlas este viernes se ofrecer\u00e1 una nueva disertaci\u00f3n a cargo del Dr.\u00a0Eduardo Liljesthrom <\/p>\n\n\n\n<p>El pr\u00f3ximo viernes a las 20 horas, el auditorio del Hospital Sadiv ser\u00e1 escenario de una nueva charla abierta a toda la comunidad.&nbsp;<\/p>\n\n\n\n<p>En esta oportunidad disertar\u00e1\u00a0el  Dr. Eduardo Liljesthrom  quien har\u00e1 una exposici\u00f3n sobre:\u00a0<strong>\u201cSalud Plena\u201d<\/strong>\u00a0\u00bfSe pueden revertir? ,  <\/p>\n\n\n\n<p>\u00b7\u00a0\u00a0Diabetes<br>\u00b7\u00a0Hipertensi\u00f3n<br>\u00b7\u00a0Aumento del colesterol<\/p>\n\n\n\n<figure class=\"wp-block-image\"><img decoding=\"async\" width=\"1024\" height=\"1024\" data-attachment-id=\"59352\" data-permalink=\"https:\/\/eldiariodesanpedro.com.ar\/sitio\/charla-abierta-sobre-salud-plena-en-la-clinica-sadiv\/salud-plena\/\" data-orig-file=\"https:\/\/eldiariodesanpedro.com.ar\/sitio\/wp-content\/uploads\/2019\/09\/Salud-Plena.jpg\" data-orig-size=\"2500,2500\" data-comments-opened=\"1\" data-image-meta=\"{&quot;aperture&quot;:&quot;0&quot;,&quot;credit&quot;:&quot;&quot;,&quot;camera&quot;:&quot;&quot;,&quot;caption&quot;:&quot;&quot;,&quot;created_timestamp&quot;:&quot;0&quot;,&quot;copyright&quot;:&quot;&quot;,&quot;focal_length&quot;:&quot;0&quot;,&quot;iso&quot;:&quot;0&quot;,&quot;shutter_speed&quot;:&quot;0&quot;,&quot;title&quot;:&quot;&quot;,&quot;orientation&quot;:&quot;0&quot;}\" data-image-title=\"Salud Plena\" data-image-description=\"\" data-image-caption=\"\" data-large-file=\"https:\/\/eldiariodesanpedro.com.ar\/sitio\/wp-content\/uploads\/2019\/09\/Salud-Plena-1024x1024.jpg\" data-src=\"https:\/\/eldiariodesanpedro.com.ar\/sitio\/wp-content\/uploads\/2019\/09\/Salud-Plena-1024x1024.jpg\" alt=\"\" class=\"wp-image-59352 lazyload\" data-srcset=\"https:\/\/eldiariodesanpedro.com.ar\/sitio\/wp-content\/uploads\/2019\/09\/Salud-Plena-1024x1024.jpg 1024w, https:\/\/eldiariodesanpedro.com.ar\/sitio\/wp-content\/uploads\/2019\/09\/Salud-Plena-150x150.jpg 150w, https:\/\/eldiariodesanpedro.com.ar\/sitio\/wp-content\/uploads\/2019\/09\/Salud-Plena-300x300.jpg 300w, https:\/\/eldiariodesanpedro.com.ar\/sitio\/wp-content\/uploads\/2019\/09\/Salud-Plena-768x768.jpg 768w\" data-sizes=\"(max-width: 1024px) 100vw, 1024px\" src=\"data:image\/svg+xml;base64,PHN2ZyB3aWR0aD0iMSIgaGVpZ2h0PSIxIiB4bWxucz0iaHR0cDovL3d3dy53My5vcmcvMjAwMC9zdmciPjwvc3ZnPg==\" style=\"--smush-placeholder-width: 1024px; --smush-placeholder-aspect-ratio: 1024\/1024;\" \/><\/figure>\n","protected":false},"excerpt":{"rendered":"<p>Continuando con el ciclo de charlas este viernes se ofrecer\u00e1 una nueva disertaci\u00f3n a cargo del Dr.\u00a0Eduardo Liljesthrom El pr\u00f3ximo viernes a las 20 horas, el auditorio del Hospital Sadiv ser\u00e1 escenario de una nueva charla abierta a toda la comunidad.&nbsp; En esta oportunidad disertar\u00e1\u00a0el Dr. Eduardo Liljesthrom quien har\u00e1 una exposici\u00f3n sobre:\u00a0\u201cSalud Plena\u201d\u00a0\u00bfSe pueden [&hellip;]<\/p>\n","protected":false},"author":4,"featured_media":59351,"comment_status":"open","ping_status":"closed","sticky":false,"template":"","format":"standard","meta":{"om_disable_all_campaigns":false,"_jetpack_memberships_contains_paid_content":false,"footnotes":""},"categories":[101,2],"tags":[],"class_list":["post-59350","post","type-post","status-publish","format-standard","has-post-thumbnail","hentry","category-interes-general-locales","category-locales"],"aioseo_notices":[],"gutentor_comment":0,"jetpack_featured_media_url":"https:\/\/eldiariodesanpedro.com.ar\/sitio\/wp-content\/uploads\/2019\/09\/000078608.jpg","jetpack_shortlink":"https:\/\/wp.me\/p6RhLt-frg","jetpack_sharing_enabled":true,"_links":{"self":[{"href":"https:\/\/eldiariodesanpedro.com.ar\/sitio\/wp-json\/wp\/v2\/posts\/59350","targetHints":{"allow":["GET"]}}],"collection":[{"href":"https:\/\/eldiariodesanpedro.com.ar\/sitio\/wp-json\/wp\/v2\/posts"}],"about":[{"href":"https:\/\/eldiariodesanpedro.com.ar\/sitio\/wp-json\/wp\/v2\/types\/post"}],"author":[{"embeddable":true,"href":"https:\/\/eldiariodesanpedro.com.ar\/sitio\/wp-json\/wp\/v2\/users\/4"}],"replies":[{"embeddable":true,"href":"https:\/\/eldiariodesanpedro.com.ar\/sitio\/wp-json\/wp\/v2\/comments?post=59350"}],"version-history":[{"count":1,"href":"https:\/\/eldiariodesanpedro.com.ar\/sitio\/wp-json\/wp\/v2\/posts\/59350\/revisions"}],"predecessor-version":[{"id":59353,"href":"https:\/\/eldiariodesanpedro.com.ar\/sitio\/wp-json\/wp\/v2\/posts\/59350\/revisions\/59353"}],"wp:featuredmedia":[{"embeddable":true,"href":"https:\/\/eldiariodesanpedro.com.ar\/sitio\/wp-json\/wp\/v2\/media\/59351"}],"wp:attachment":[{"href":"https:\/\/eldiariodesanpedro.com.ar\/sitio\/wp-json\/wp\/v2\/media?parent=59350"}],"wp:term":[{"taxonomy":"category","embeddable":true,"href":"https:\/\/eldiariodesanpedro.com.ar\/sitio\/wp-json\/wp\/v2\/categories?post=59350"},{"taxonomy":"post_tag","embeddable":true,"href":"https:\/\/eldiariodesanpedro.com.ar\/sitio\/wp-json\/wp\/v2\/tags?post=59350"}],"curies":[{"name":"wp","href":"https:\/\/api.w.org\/{rel}","templated":true}]}}