{"id":59347,"date":"2019-09-04T10:35:50","date_gmt":"2019-09-04T13:35:50","guid":{"rendered":"https:\/\/eldiariodesanpedro.com.ar\/sitio\/?p=59347"},"modified":"2019-09-04T10:35:54","modified_gmt":"2019-09-04T13:35:54","slug":"nuevo-buque-en-el-puerto-local-para-carga-de-soja-y-maiz","status":"publish","type":"post","link":"https:\/\/eldiariodesanpedro.com.ar\/sitio\/nuevo-buque-en-el-puerto-local-para-carga-de-soja-y-maiz\/","title":{"rendered":"Nuevo buque en el puerto local para carga de soja y ma\u00edz"},"content":{"rendered":"<!-- VideographyWP Plugin Message: Automatic video embedding prevented by plugin options. -->\n\n<p>Desde el Consorcio de Gesti\u00f3n del Puerto San Pedro se comunic\u00f3 el arribo el d\u00eda Mi\u00e9rcoles 04 de septiembre, de un buque denominado \u201c<strong>Agios Fanourios<\/strong>\u201d de bandera Liberiana con procedencia de Brasil.<\/p>\n\n\n\n<p>El barco de 179,80 metros de eslora y operar\u00e1 en el muelle elevador, en donde cargar\u00e1\u00a0 29000 toneladas aproximadamente de Ma\u00edz y Soja a granel con destino a Estados Unidos.<\/p>\n","protected":false},"excerpt":{"rendered":"<p>Desde el Consorcio de Gesti\u00f3n del Puerto San Pedro se comunic\u00f3 el arribo el d\u00eda Mi\u00e9rcoles 04 de septiembre, de un buque denominado \u201cAgios Fanourios\u201d de bandera Liberiana con procedencia de Brasil. El barco de 179,80 metros de eslora y operar\u00e1 en el muelle elevador, en donde cargar\u00e1\u00a0 29000 toneladas aproximadamente de Ma\u00edz y Soja [&hellip;]<\/p>\n","protected":false},"author":4,"featured_media":59348,"comment_status":"open","ping_status":"closed","sticky":false,"template":"","format":"standard","meta":{"om_disable_all_campaigns":false,"_jetpack_memberships_contains_paid_content":false,"footnotes":""},"categories":[101,2],"tags":[],"class_list":["post-59347","post","type-post","status-publish","format-standard","has-post-thumbnail","hentry","category-interes-general-locales","category-locales"],"aioseo_notices":[],"gutentor_comment":0,"jetpack_featured_media_url":"https:\/\/eldiariodesanpedro.com.ar\/sitio\/wp-content\/uploads\/2019\/09\/agios-fanourios_9465368_2144481_Medium.jpg","jetpack_shortlink":"https:\/\/wp.me\/p6RhLt-frd","jetpack_sharing_enabled":true,"_links":{"self":[{"href":"https:\/\/eldiariodesanpedro.com.ar\/sitio\/wp-json\/wp\/v2\/posts\/59347","targetHints":{"allow":["GET"]}}],"collection":[{"href":"https:\/\/eldiariodesanpedro.com.ar\/sitio\/wp-json\/wp\/v2\/posts"}],"about":[{"href":"https:\/\/eldiariodesanpedro.com.ar\/sitio\/wp-json\/wp\/v2\/types\/post"}],"author":[{"embeddable":true,"href":"https:\/\/eldiariodesanpedro.com.ar\/sitio\/wp-json\/wp\/v2\/users\/4"}],"replies":[{"embeddable":true,"href":"https:\/\/eldiariodesanpedro.com.ar\/sitio\/wp-json\/wp\/v2\/comments?post=59347"}],"version-history":[{"count":1,"href":"https:\/\/eldiariodesanpedro.com.ar\/sitio\/wp-json\/wp\/v2\/posts\/59347\/revisions"}],"predecessor-version":[{"id":59349,"href":"https:\/\/eldiariodesanpedro.com.ar\/sitio\/wp-json\/wp\/v2\/posts\/59347\/revisions\/59349"}],"wp:featuredmedia":[{"embeddable":true,"href":"https:\/\/eldiariodesanpedro.com.ar\/sitio\/wp-json\/wp\/v2\/media\/59348"}],"wp:attachment":[{"href":"https:\/\/eldiariodesanpedro.com.ar\/sitio\/wp-json\/wp\/v2\/media?parent=59347"}],"wp:term":[{"taxonomy":"category","embeddable":true,"href":"https:\/\/eldiariodesanpedro.com.ar\/sitio\/wp-json\/wp\/v2\/categories?post=59347"},{"taxonomy":"post_tag","embeddable":true,"href":"https:\/\/eldiariodesanpedro.com.ar\/sitio\/wp-json\/wp\/v2\/tags?post=59347"}],"curies":[{"name":"wp","href":"https:\/\/api.w.org\/{rel}","templated":true}]}}