{"id":5934,"date":"2016-07-12T20:26:34","date_gmt":"2016-07-12T23:26:34","guid":{"rendered":"https:\/\/eldiariodesanpedro.com.ar\/sitio\/?p=5934"},"modified":"2016-07-12T20:26:34","modified_gmt":"2016-07-12T23:26:34","slug":"coopser-continua-con-las-obras","status":"publish","type":"post","link":"https:\/\/eldiariodesanpedro.com.ar\/sitio\/coopser-continua-con-las-obras\/","title":{"rendered":"Coopser contin\u00faa con las obras"},"content":{"rendered":"<p><!-- VideographyWP Plugin Message: Automatic video embedding prevented by plugin options. --><br \/>\nPersonal de Coopser contin\u00faa trabajando en diferentes zonas de la ciudad y del partido de San Pedro. Entre otras obras, avanza la reestructuraci\u00f3n de la l\u00ednea a\u00e9rea de media tensi\u00f3n en la zona del paraje Tablas para el Proyecto GENSAR, que en su extensi\u00f3n mejorar\u00e1 la calidad del servicio de unos 1800 usuarios.<br \/>\nAsimismo, prosigue la obra de extensi\u00f3n de la l\u00ednea a\u00e9rea de baja tensi\u00f3n para abastecer solicitudes del nuevo loteo Villa Esther en la zona de ruta 1001, avenida Sarmiento y Garret. Tambi\u00e9n contin\u00faa la extensi\u00f3n de la l\u00ednea de baja tensi\u00f3n y alumbrado p\u00fablico para el loteo Don Alejo en Lucio Mansilla y Hermano Indio. Entre ambas obras, se acercar\u00e1 servicio a m\u00e1s de 100 familias.<br \/>\nOtras cuadrillas de Coopser realizan durante esta semana maniobras para la conexi\u00f3n de una nueva subestaci\u00f3n transformadora en Miguel Porta 1275 y se programa la extensi\u00f3n de una l\u00ednea de media tensi\u00f3n para el proyecto Hotel Polo Industrial S.A.<br \/>\nSe efect\u00faan adem\u00e1s corrimientos de columnas, reparaci\u00f3n de tendidos el\u00e9ctricos y mantenimiento del alumbrado p\u00fablico.<\/p>\n","protected":false},"excerpt":{"rendered":"<p>Personal de Coopser contin\u00faa trabajando en diferentes zonas de la ciudad y del partido de San Pedro. Entre otras obras, avanza la reestructuraci\u00f3n de la l\u00ednea a\u00e9rea de media tensi\u00f3n en la zona del paraje Tablas para el Proyecto GENSAR, que en su extensi\u00f3n mejorar\u00e1 la calidad del servicio de unos 1800 usuarios. Asimismo, prosigue [&hellip;]<\/p>\n","protected":false},"author":4,"featured_media":0,"comment_status":"open","ping_status":"closed","sticky":false,"template":"","format":"standard","meta":{"om_disable_all_campaigns":false,"_jetpack_memberships_contains_paid_content":false,"footnotes":""},"categories":[101,2],"tags":[],"class_list":["post-5934","post","type-post","status-publish","format-standard","hentry","category-interes-general-locales","category-locales"],"aioseo_notices":[],"gutentor_comment":0,"jetpack_featured_media_url":"","jetpack_shortlink":"https:\/\/wp.me\/p6RhLt-1xI","jetpack_sharing_enabled":true,"_links":{"self":[{"href":"https:\/\/eldiariodesanpedro.com.ar\/sitio\/wp-json\/wp\/v2\/posts\/5934","targetHints":{"allow":["GET"]}}],"collection":[{"href":"https:\/\/eldiariodesanpedro.com.ar\/sitio\/wp-json\/wp\/v2\/posts"}],"about":[{"href":"https:\/\/eldiariodesanpedro.com.ar\/sitio\/wp-json\/wp\/v2\/types\/post"}],"author":[{"embeddable":true,"href":"https:\/\/eldiariodesanpedro.com.ar\/sitio\/wp-json\/wp\/v2\/users\/4"}],"replies":[{"embeddable":true,"href":"https:\/\/eldiariodesanpedro.com.ar\/sitio\/wp-json\/wp\/v2\/comments?post=5934"}],"version-history":[{"count":1,"href":"https:\/\/eldiariodesanpedro.com.ar\/sitio\/wp-json\/wp\/v2\/posts\/5934\/revisions"}],"predecessor-version":[{"id":5935,"href":"https:\/\/eldiariodesanpedro.com.ar\/sitio\/wp-json\/wp\/v2\/posts\/5934\/revisions\/5935"}],"wp:attachment":[{"href":"https:\/\/eldiariodesanpedro.com.ar\/sitio\/wp-json\/wp\/v2\/media?parent=5934"}],"wp:term":[{"taxonomy":"category","embeddable":true,"href":"https:\/\/eldiariodesanpedro.com.ar\/sitio\/wp-json\/wp\/v2\/categories?post=5934"},{"taxonomy":"post_tag","embeddable":true,"href":"https:\/\/eldiariodesanpedro.com.ar\/sitio\/wp-json\/wp\/v2\/tags?post=5934"}],"curies":[{"name":"wp","href":"https:\/\/api.w.org\/{rel}","templated":true}]}}